{"id":26641,"date":"2025-11-15T18:25:31","date_gmt":"2025-11-15T21:25:31","guid":{"rendered":"https:\/\/dixx.com.br\/?p=26641"},"modified":"2025-11-19T10:53:47","modified_gmt":"2025-11-19T13:53:47","slug":"lentes-anti-reflexo-a-chave-para-uma-visao-mais-nitida-e-confortavel","status":"publish","type":"post","link":"https:\/\/dixx.com.br\/index.php\/2025\/11\/15\/lentes-anti-reflexo-a-chave-para-uma-visao-mais-nitida-e-confortavel\/","title":{"rendered":"Lentes Anti-reflexo: A Chave para uma Vis\u00e3o Mais N\u00edtida e Confort\u00e1vel"},"content":{"rendered":"\n<p><\/p>\n\n\n\n<p>J\u00e1 notou aqueles reflexos inc\u00f4modos que aparecem nas suas lentes em certos ambientes? Ou sentiu que seus olhos parecem &#8220;brilhar&#8221; demais em fotos? Esses s\u00e3o sinais cl\u00e1ssicos de lentes sem tratamento anti-reflexo &#8211; e a solu\u00e7\u00e3o \u00e9 mais simples do que voc\u00ea imagina!<\/p>\n\n\n\n<hr class=\"wp-block-separator has-alpha-channel-opacity\"\/>\n\n\n\n<h3 class=\"wp-block-heading\" id=\"h-o-que-sao-esses-reflexos-chatos\">O Que S\u00e3o Esses Reflexos Chatos?<\/h3>\n\n\n\n<p>Os reflexos que vemos nas lentes s\u00e3o pequenas por\u00e7\u00f5es de luz que, em vez de passar atrav\u00e9s das lentes para chegar aos nossos olhos, s\u00e3o &#8220;devolvidas&#8221; para o ambiente. Isso acontece com:<\/p>\n\n\n\n<ul class=\"wp-block-list\">\n<li><strong>Luzes artificiais<\/strong> (l\u00e2mpadas, spots)<\/li>\n\n\n\n<li><strong>Telas de dispositivos eletr\u00f4nicos<\/strong><\/li>\n\n\n\n<li><strong>Luz solar<\/strong><\/li>\n\n\n\n<li><strong>Far\u00f3is de carros \u00e0 noite<\/strong><\/li>\n<\/ul>\n\n\n\n<hr class=\"wp-block-separator has-alpha-channel-opacity\"\/>\n\n\n\n<h3 class=\"wp-block-heading\" id=\"h-como-as-lentes-anti-reflexo-funcionam\">Como as Lentes Anti-reflexo Funcionam?<\/h3>\n\n\n\n<p>Imagine que suas lentes ganharam um <strong>superpoder de invisibilidade<\/strong> contra os reflexos! Atrav\u00e9s de uma tecnologia de m\u00faltiplas camadas microsc\u00f3picas, elas:<\/p>\n\n\n\n<p>\ud83d\udd39 <strong>Reduzem em at\u00e9 99% os reflexos<\/strong> indesejados<br>\ud83d\udd39 <strong>Aumentam a transmiss\u00e3o de luz<\/strong> \u00fatil para os olhos<br>\ud83d\udd39 <strong>Proporcionam uma vis\u00e3o mais n\u00edtida<\/strong> e natural<br>\ud83d\udd39 <strong>Melhoram a est\u00e9tica<\/strong> &#8211; suas lentes ficam quase invis\u00edveis!<\/p>\n\n\n\n<hr class=\"wp-block-separator has-alpha-channel-opacity\"\/>\n\n\n\n<h3 class=\"wp-block-heading\" id=\"h-beneficios-que-voce-vai-perceber-imediatamente\">Benef\u00edcios que Voc\u00ea Vai Perceber Imediatamente<\/h3>\n\n\n\n<p><strong>No dia a dia:<\/strong><\/p>\n\n\n\n<ul class=\"wp-block-list\">\n<li><strong>Dirigir \u00e0 noite<\/strong> fica mais seguro e confort\u00e1vel<\/li>\n\n\n\n<li><strong>Trabalhar no computador<\/strong> sem aqueles reflexos irritantes<\/li>\n\n\n\n<li><strong>Ler em ambientes bem iluminados<\/strong> sem precisar &#8220;ca\u00e7ar&#8221; o \u00e2ngulo certo<\/li>\n<\/ul>\n\n\n\n<p><strong>Na apar\u00eancia:<\/strong><\/p>\n\n\n\n<ul class=\"wp-block-list\">\n<li><strong>Seus olhos ficam mais vis\u00edveis<\/strong> &#8211; perfeito para conversas e reuni\u00f5es<\/li>\n\n\n\n<li><strong>Fotos sem aquele &#8220;efeito fantasma&#8221;<\/strong> nos \u00f3culos<\/li>\n\n\n\n<li><strong>Lentes com aspecto mais natural<\/strong> e discreto<\/li>\n<\/ul>\n\n\n\n<hr class=\"wp-block-separator has-alpha-channel-opacity\"\/>\n\n\n\n<h3 class=\"wp-block-heading\" id=\"h-para-quem-sao-indicadas\">Para Quem S\u00e3o Indicadas?<\/h3>\n\n\n\n<p>Essas lentes s\u00e3o <strong>praticamente para todo mundo<\/strong>, mas especialmente recomendadas para:<\/p>\n\n\n\n<ul class=\"wp-block-list\">\n<li><strong>Quem dirige frequentemente<\/strong>, principalmente \u00e0 noite<\/li>\n\n\n\n<li><strong>Profissionais que trabalham sob luzes artificiais<\/strong> intensas<\/li>\n\n\n\n<li><strong>Pessoas que usam dispositivos eletr\u00f4nicos<\/strong> por longos per\u00edodos<\/li>\n\n\n\n<li><strong>Quem valoriza est\u00e9tica<\/strong> e quer \u00f3culos mais discretos<\/li>\n\n\n\n<li><strong>Todos que buscam maior conforto visual<\/strong> no dia a dia<\/li>\n<\/ul>\n\n\n\n<hr class=\"wp-block-separator has-alpha-channel-opacity\"\/>\n\n\n\n<h3 class=\"wp-block-heading\" id=\"h-anti-reflexo-filtro-azul-a-combinacao-perfeita\">Anti-reflexo + Filtro Azul: A Combina\u00e7\u00e3o Perfeita!<\/h3>\n\n\n\n<p>Muitas lentes modernas unem o <strong>anti-reflexo<\/strong> com o <strong>filtro azul<\/strong>, criando uma prote\u00e7\u00e3o completa:<\/p>\n\n\n\n<p>\u2705 <strong>Reduz reflexos<\/strong> inc\u00f4modos<br>\u2705 <strong>Protege contra a luz azul<\/strong> nociva<br>\u2705 <strong>Oferece m\u00e1ximo conforto visual<\/strong><br>\u2705 <strong>Preserva a sa\u00fade ocular<\/strong> a longo prazo<\/p>\n\n\n\n<hr class=\"wp-block-separator has-alpha-channel-opacity\"\/>\n\n\n\n<h3 class=\"wp-block-heading\" id=\"h-cuidados-que-fazem-a-diferenca\">Cuidados que Fazem a Diferen\u00e7a<\/h3>\n\n\n\n<p>Para manter suas lentes anti-reflexo sempre perfeitas:<\/p>\n\n\n\n<ul class=\"wp-block-list\">\n<li><strong>Use \u00e1gua morna e sab\u00e3o neutro<\/strong> para limpar<\/li>\n\n\n\n<li><strong>Secar com flanela de microfibra<\/strong> (aquela que acompanha os \u00f3culos)<\/li>\n\n\n\n<li><strong>Evite produtos com \u00e1lcool<\/strong> ou qu\u00edmicos agressivos<\/li>\n\n\n\n<li><strong>Guarde sempre no estojo<\/strong> quando n\u00e3o estiver usando<\/li>\n<\/ul>\n\n\n\n<hr class=\"wp-block-separator has-alpha-channel-opacity\"\/>\n\n\n\n<h3 class=\"wp-block-heading\" id=\"h-vale-a-pena-investir\">Vale a pena Investir?<\/h3>\n\n\n\n<p><strong>Absolutamente sim!<\/strong> O tratamento anti-reflexo \u00e9 um daqueles investimentos onde voc\u00ea percebe a diferen\u00e7a desde o primeiro dia de uso. \u00c9 como trocar de uma TV antiga para uma 4K &#8211; a vis\u00e3o fica mais limpa, n\u00edtida e confort\u00e1vel.<\/p>\n\n\n\n<hr class=\"wp-block-separator has-alpha-channel-opacity\"\/>\n\n\n\n<p><em>Pronto para eliminar os reflexos da sua vida? Na sua pr\u00f3xima consulta ao oftalmologista ou \u00f3tica, pe\u00e7a para experimentar lentes com e sem anti-reflexo &#8211; a diferen\u00e7a vai te surpreender! \ud83d\udc53\u2728<\/em><\/p>\n\n\n\n<p><strong>Sua vis\u00e3o merece o melhor que a tecnologia pode oferecer!<\/strong><\/p>\n","protected":false},"excerpt":{"rendered":"<p>J\u00e1 notou aqueles reflexos inc\u00f4modos que aparecem nas suas lentes em certos ambientes? Ou sentiu que seus olhos parecem &#8220;brilhar&#8221; demais em fotos? Esses s\u00e3o sinais cl\u00e1ssicos de lentes sem tratamento anti-reflexo &#8211; e a solu\u00e7\u00e3o \u00e9 mais simples do que voc\u00ea imagina! O Que&hellip;<\/p>\n","protected":false},"author":1,"featured_media":26709,"comment_status":"open","ping_status":"open","sticky":false,"template":"","format":"standard","meta":{"advgb_blocks_editor_width":"","advgb_blocks_columns_visual_guide":"","footnotes":""},"categories":[1],"tags":[2860,2859,2858],"class_list":["post-26641","post","type-post","status-publish","format-standard","has-post-thumbnail","hentry","category-sem-categoria","tag-anti-reflexos","tag-haytek","tag-lentes"],"yoast_head":"<!-- This site is optimized with the Yoast SEO Premium plugin v22.8 (Yoast SEO v27.5) - https:\/\/yoast.com\/product\/yoast-seo-premium-wordpress\/ -->\n<title>Lentes Anti-reflexo: A Chave para uma Vis\u00e3o Mais N\u00edtida e Confort\u00e1vel - Lojas Dixx<\/title>\n<meta name=\"robots\" content=\"index, follow, max-snippet:-1, max-image-preview:large, max-video-preview:-1\" \/>\n<link rel=\"canonical\" href=\"https:\/\/dixx.com.br\/index.php\/2025\/11\/15\/lentes-anti-reflexo-a-chave-para-uma-visao-mais-nitida-e-confortavel\/\" \/>\n<meta property=\"og:locale\" content=\"pt_BR\" \/>\n<meta property=\"og:type\" content=\"article\" \/>\n<meta property=\"og:title\" content=\"Lentes Anti-reflexo: A Chave para uma Vis\u00e3o Mais N\u00edtida e Confort\u00e1vel\" \/>\n<meta property=\"og:description\" content=\"J\u00e1 notou aqueles reflexos inc\u00f4modos que aparecem nas suas lentes em certos ambientes? Ou sentiu que seus olhos parecem &#8220;brilhar&#8221; demais em fotos? Esses s\u00e3o sinais cl\u00e1ssicos de lentes sem tratamento anti-reflexo &#8211; e a solu\u00e7\u00e3o \u00e9 mais simples do que voc\u00ea imagina! O Que&hellip;\" \/>\n<meta property=\"og:url\" content=\"https:\/\/dixx.com.br\/index.php\/2025\/11\/15\/lentes-anti-reflexo-a-chave-para-uma-visao-mais-nitida-e-confortavel\/\" \/>\n<meta property=\"og:site_name\" content=\"Lojas Dixx\" \/>\n<meta property=\"article:publisher\" content=\"https:\/\/www.facebook.com\/dixxtaguatinga\" \/>\n<meta property=\"article:published_time\" content=\"2025-11-15T21:25:31+00:00\" \/>\n<meta property=\"article:modified_time\" content=\"2025-11-19T13:53:47+00:00\" \/>\n<meta property=\"og:image\" content=\"https:\/\/dixx.com.br\/wp-content\/uploads\/2025\/11\/antirreflexo.jpg\" \/>\n\t<meta property=\"og:image:width\" content=\"625\" \/>\n\t<meta property=\"og:image:height\" content=\"417\" \/>\n\t<meta property=\"og:image:type\" content=\"image\/jpeg\" \/>\n<meta name=\"author\" content=\"Orlando Passos\" \/>\n<meta name=\"twitter:card\" content=\"summary_large_image\" \/>\n<meta name=\"twitter:label1\" content=\"Escrito por\" \/>\n\t<meta name=\"twitter:data1\" content=\"Orlando Passos\" \/>\n\t<meta name=\"twitter:label2\" content=\"Est. tempo de leitura\" \/>\n\t<meta name=\"twitter:data2\" content=\"3 minutos\" \/>\n<script type=\"application\/ld+json\" class=\"yoast-schema-graph\">{\"@context\":\"https:\\\/\\\/schema.org\",\"@graph\":[{\"@type\":\"Article\",\"@id\":\"https:\\\/\\\/dixx.com.br\\\/index.php\\\/2025\\\/11\\\/15\\\/lentes-anti-reflexo-a-chave-para-uma-visao-mais-nitida-e-confortavel\\\/#article\",\"isPartOf\":{\"@id\":\"https:\\\/\\\/dixx.com.br\\\/index.php\\\/2025\\\/11\\\/15\\\/lentes-anti-reflexo-a-chave-para-uma-visao-mais-nitida-e-confortavel\\\/\"},\"author\":{\"name\":\"Orlando Passos\",\"@id\":\"https:\\\/\\\/dixx.com.br\\\/#\\\/schema\\\/person\\\/b7781f53d8d7b33bb32d102f4f7d486e\"},\"headline\":\"Lentes Anti-reflexo: A Chave para uma Vis\u00e3o Mais N\u00edtida e Confort\u00e1vel\",\"datePublished\":\"2025-11-15T21:25:31+00:00\",\"dateModified\":\"2025-11-19T13:53:47+00:00\",\"mainEntityOfPage\":{\"@id\":\"https:\\\/\\\/dixx.com.br\\\/index.php\\\/2025\\\/11\\\/15\\\/lentes-anti-reflexo-a-chave-para-uma-visao-mais-nitida-e-confortavel\\\/\"},\"wordCount\":494,\"commentCount\":0,\"publisher\":{\"@id\":\"https:\\\/\\\/dixx.com.br\\\/#organization\"},\"image\":{\"@id\":\"https:\\\/\\\/dixx.com.br\\\/index.php\\\/2025\\\/11\\\/15\\\/lentes-anti-reflexo-a-chave-para-uma-visao-mais-nitida-e-confortavel\\\/#primaryimage\"},\"thumbnailUrl\":\"https:\\\/\\\/dixx.com.br\\\/wp-content\\\/uploads\\\/2025\\\/11\\\/antirreflexo.jpg\",\"keywords\":[\"Anti-reflexos\",\"Haytek\",\"Lentes\"],\"inLanguage\":\"pt-BR\",\"potentialAction\":[{\"@type\":\"CommentAction\",\"name\":\"Comment\",\"target\":[\"https:\\\/\\\/dixx.com.br\\\/index.php\\\/2025\\\/11\\\/15\\\/lentes-anti-reflexo-a-chave-para-uma-visao-mais-nitida-e-confortavel\\\/#respond\"]}]},{\"@type\":\"WebPage\",\"@id\":\"https:\\\/\\\/dixx.com.br\\\/index.php\\\/2025\\\/11\\\/15\\\/lentes-anti-reflexo-a-chave-para-uma-visao-mais-nitida-e-confortavel\\\/\",\"url\":\"https:\\\/\\\/dixx.com.br\\\/index.php\\\/2025\\\/11\\\/15\\\/lentes-anti-reflexo-a-chave-para-uma-visao-mais-nitida-e-confortavel\\\/\",\"name\":\"Lentes Anti-reflexo: A Chave para uma Vis\u00e3o Mais N\u00edtida e Confort\u00e1vel - Lojas Dixx\",\"isPartOf\":{\"@id\":\"https:\\\/\\\/dixx.com.br\\\/#website\"},\"primaryImageOfPage\":{\"@id\":\"https:\\\/\\\/dixx.com.br\\\/index.php\\\/2025\\\/11\\\/15\\\/lentes-anti-reflexo-a-chave-para-uma-visao-mais-nitida-e-confortavel\\\/#primaryimage\"},\"image\":{\"@id\":\"https:\\\/\\\/dixx.com.br\\\/index.php\\\/2025\\\/11\\\/15\\\/lentes-anti-reflexo-a-chave-para-uma-visao-mais-nitida-e-confortavel\\\/#primaryimage\"},\"thumbnailUrl\":\"https:\\\/\\\/dixx.com.br\\\/wp-content\\\/uploads\\\/2025\\\/11\\\/antirreflexo.jpg\",\"datePublished\":\"2025-11-15T21:25:31+00:00\",\"dateModified\":\"2025-11-19T13:53:47+00:00\",\"breadcrumb\":{\"@id\":\"https:\\\/\\\/dixx.com.br\\\/index.php\\\/2025\\\/11\\\/15\\\/lentes-anti-reflexo-a-chave-para-uma-visao-mais-nitida-e-confortavel\\\/#breadcrumb\"},\"inLanguage\":\"pt-BR\",\"potentialAction\":[{\"@type\":\"ReadAction\",\"target\":[\"https:\\\/\\\/dixx.com.br\\\/index.php\\\/2025\\\/11\\\/15\\\/lentes-anti-reflexo-a-chave-para-uma-visao-mais-nitida-e-confortavel\\\/\"]}]},{\"@type\":\"ImageObject\",\"inLanguage\":\"pt-BR\",\"@id\":\"https:\\\/\\\/dixx.com.br\\\/index.php\\\/2025\\\/11\\\/15\\\/lentes-anti-reflexo-a-chave-para-uma-visao-mais-nitida-e-confortavel\\\/#primaryimage\",\"url\":\"https:\\\/\\\/dixx.com.br\\\/wp-content\\\/uploads\\\/2025\\\/11\\\/antirreflexo.jpg\",\"contentUrl\":\"https:\\\/\\\/dixx.com.br\\\/wp-content\\\/uploads\\\/2025\\\/11\\\/antirreflexo.jpg\",\"width\":625,\"height\":417},{\"@type\":\"BreadcrumbList\",\"@id\":\"https:\\\/\\\/dixx.com.br\\\/index.php\\\/2025\\\/11\\\/15\\\/lentes-anti-reflexo-a-chave-para-uma-visao-mais-nitida-e-confortavel\\\/#breadcrumb\",\"itemListElement\":[{\"@type\":\"ListItem\",\"position\":1,\"name\":\"In\u00edcio\",\"item\":\"https:\\\/\\\/dixx.com.br\\\/\"},{\"@type\":\"ListItem\",\"position\":2,\"name\":\"Lentes Anti-reflexo: A Chave para uma Vis\u00e3o Mais N\u00edtida e Confort\u00e1vel\"}]},{\"@type\":\"WebSite\",\"@id\":\"https:\\\/\\\/dixx.com.br\\\/#website\",\"url\":\"https:\\\/\\\/dixx.com.br\\\/\",\"name\":\"Semijoias Dixx\",\"description\":\"Descubra uma cole\u00e7\u00e3o exclusiva de semi-joias que combina luxo e acessibilidade. Nossas pe\u00e7as s\u00e3o meticulosamente banhadas a ouro 18k e confeccionadas em prata 925, garantindo durabilidade e beleza. Cada item \u00e9 um testemunho de eleg\u00e2ncia atemporal e sofistica\u00e7\u00e3o, ideal para complementar qualquer estilo, seja moderno ou tradicional. Com compromisso com a qualidade e o artesanato, oferecemos joias que voc\u00ea pode confiar.\",\"publisher\":{\"@id\":\"https:\\\/\\\/dixx.com.br\\\/#organization\"},\"alternateName\":\"joias Dixx, Prata 925 e Ouro 18k\",\"potentialAction\":[{\"@type\":\"SearchAction\",\"target\":{\"@type\":\"EntryPoint\",\"urlTemplate\":\"https:\\\/\\\/dixx.com.br\\\/?s={search_term_string}\"},\"query-input\":{\"@type\":\"PropertyValueSpecification\",\"valueRequired\":true,\"valueName\":\"search_term_string\"}}],\"inLanguage\":\"pt-BR\"},{\"@type\":[\"Organization\",\"Place\",\"JewelryStore\"],\"@id\":\"https:\\\/\\\/dixx.com.br\\\/#organization\",\"name\":\"Semijoias Dixx\",\"alternateName\":\"Joias Dixx\",\"url\":\"https:\\\/\\\/dixx.com.br\\\/\",\"logo\":{\"@id\":\"https:\\\/\\\/dixx.com.br\\\/index.php\\\/2025\\\/11\\\/15\\\/lentes-anti-reflexo-a-chave-para-uma-visao-mais-nitida-e-confortavel\\\/#local-main-organization-logo\"},\"image\":{\"@id\":\"https:\\\/\\\/dixx.com.br\\\/index.php\\\/2025\\\/11\\\/15\\\/lentes-anti-reflexo-a-chave-para-uma-visao-mais-nitida-e-confortavel\\\/#local-main-organization-logo\"},\"sameAs\":[\"https:\\\/\\\/www.facebook.com\\\/dixxtaguatinga\",\"https:\\\/\\\/www.instagram.com\\\/Semijoias_dixx\"],\"description\":\"Descubra uma cole\u00e7\u00e3o exclusiva de semi-joias que combina luxo e acessibilidade. Nossas pe\u00e7as s\u00e3o meticulosamente banhadas a ouro 18k e confeccionadas em prata 925, garantindo durabilidade e beleza. Cada item \u00e9 um testemunho de eleg\u00e2ncia atemporal e sofistica\u00e7\u00e3o, ideal para complementar qualquer estilo, seja moderno ou tradicional.\",\"foundingDate\":\"2006-09-01\",\"numberOfEmployees\":{\"@type\":\"QuantitativeValue\",\"minValue\":\"1\",\"maxValue\":\"10\"},\"publishingPrinciples\":\"https:\\\/\\\/dixx.com.br\\\/index.php\\\/refund_returns\\\/\",\"ownershipFundingInfo\":\"https:\\\/\\\/dixx.com.br\\\/index.php\\\/contato\\\/\",\"actionableFeedbackPolicy\":\"https:\\\/\\\/dixx.com.br\\\/index.php\\\/contato\\\/\",\"correctionsPolicy\":\"https:\\\/\\\/dixx.com.br\\\/index.php\\\/contato\\\/\",\"ethicsPolicy\":\"https:\\\/\\\/dixx.com.br\\\/index.php\\\/refund_returns\\\/\",\"address\":{\"@id\":\"https:\\\/\\\/dixx.com.br\\\/index.php\\\/2025\\\/11\\\/15\\\/lentes-anti-reflexo-a-chave-para-uma-visao-mais-nitida-e-confortavel\\\/#local-main-place-address\"},\"geo\":{\"@type\":\"GeoCoordinates\",\"latitude\":\"-15.835887640904977\",\"longitude\":\"-48.06067428803497\"},\"telephone\":[\"61991387437\",\"61981004476\"],\"contactPoint\":{\"@type\":\"ContactPoint\",\"telephone\":\"61991387437\",\"email\":\"orlando@dixx.com.br\"},\"openingHoursSpecification\":[{\"@type\":\"OpeningHoursSpecification\",\"dayOfWeek\":[\"Sunday\",\"Monday\"],\"opens\":\"00:00\",\"closes\":\"00:00\"},{\"@type\":\"OpeningHoursSpecification\",\"dayOfWeek\":[\"Tuesday\",\"Wednesday\",\"Thursday\",\"Friday\",\"Saturday\"],\"opens\":\"09:00\",\"closes\":\"17:00\"}],\"email\":\"contato@dixx.com.br\",\"vatID\":\"08.346.053\\\/0001-70\",\"taxID\":\"041.178.644-08\",\"priceRange\":\"$$\",\"currenciesAccepted\":\"Real-BR\",\"paymentAccepted\":\"Cart\u00e3o de credito, D\u00e9bito, PIX e Dinheiro\"},{\"@type\":\"Person\",\"@id\":\"https:\\\/\\\/dixx.com.br\\\/#\\\/schema\\\/person\\\/b7781f53d8d7b33bb32d102f4f7d486e\",\"name\":\"Orlando Passos\",\"image\":{\"@type\":\"ImageObject\",\"inLanguage\":\"pt-BR\",\"@id\":\"https:\\\/\\\/lh3.googleusercontent.com\\\/a\\\/ACg8ocK40l5HSkjR8J7r1mIJL6ysm9m2NHfDYZgjrNCEd1VYwVBBiQUZ=s96-c?sz=50\",\"url\":\"https:\\\/\\\/lh3.googleusercontent.com\\\/a\\\/ACg8ocK40l5HSkjR8J7r1mIJL6ysm9m2NHfDYZgjrNCEd1VYwVBBiQUZ=s96-c?sz=50\",\"contentUrl\":\"https:\\\/\\\/lh3.googleusercontent.com\\\/a\\\/ACg8ocK40l5HSkjR8J7r1mIJL6ysm9m2NHfDYZgjrNCEd1VYwVBBiQUZ=s96-c?sz=50\",\"caption\":\"Orlando Passos\"},\"sameAs\":[\"https:\\\/\\\/dixx.com.br\"],\"url\":\"https:\\\/\\\/dixx.com.br\\\/index.php\\\/author\\\/obporlando\\\/\"},{\"@type\":\"PostalAddress\",\"@id\":\"https:\\\/\\\/dixx.com.br\\\/index.php\\\/2025\\\/11\\\/15\\\/lentes-anti-reflexo-a-chave-para-uma-visao-mais-nitida-e-confortavel\\\/#local-main-place-address\",\"streetAddress\":\"\u00c1rea Especial 7, Feira dos Importados de Taguatinga, loja 117\",\"addressLocality\":\"Bras\u00edlia\",\"postalCode\":\"72016-131\",\"addressRegion\":\"Distrito Federal\",\"addressCountry\":\"BR\"},{\"@type\":\"ImageObject\",\"inLanguage\":\"pt-BR\",\"@id\":\"https:\\\/\\\/dixx.com.br\\\/index.php\\\/2025\\\/11\\\/15\\\/lentes-anti-reflexo-a-chave-para-uma-visao-mais-nitida-e-confortavel\\\/#local-main-organization-logo\",\"url\":\"https:\\\/\\\/dixx.com.br\\\/wp-content\\\/uploads\\\/2024\\\/06\\\/cropped-LOGO-DIXX-OLD-e1718293516659.png\",\"contentUrl\":\"https:\\\/\\\/dixx.com.br\\\/wp-content\\\/uploads\\\/2024\\\/06\\\/cropped-LOGO-DIXX-OLD-e1718293516659.png\",\"width\":149,\"height\":56,\"caption\":\"Semijoias Dixx\"}]}<\/script>\n<meta name=\"geo.placename\" content=\"Bras\u00edlia\" \/>\n<meta name=\"geo.position\" content=\"-15.835887640904977;-48.06067428803497\" \/>\n<meta name=\"geo.region\" content=\"Brasil\" \/>\n<!-- \/ Yoast SEO Premium plugin. -->","yoast_head_json":{"title":"Lentes Anti-reflexo: A Chave para uma Vis\u00e3o Mais N\u00edtida e Confort\u00e1vel - Lojas Dixx","robots":{"index":"index","follow":"follow","max-snippet":"max-snippet:-1","max-image-preview":"max-image-preview:large","max-video-preview":"max-video-preview:-1"},"canonical":"https:\/\/dixx.com.br\/index.php\/2025\/11\/15\/lentes-anti-reflexo-a-chave-para-uma-visao-mais-nitida-e-confortavel\/","og_locale":"pt_BR","og_type":"article","og_title":"Lentes Anti-reflexo: A Chave para uma Vis\u00e3o Mais N\u00edtida e Confort\u00e1vel","og_description":"J\u00e1 notou aqueles reflexos inc\u00f4modos que aparecem nas suas lentes em certos ambientes? Ou sentiu que seus olhos parecem &#8220;brilhar&#8221; demais em fotos? Esses s\u00e3o sinais cl\u00e1ssicos de lentes sem tratamento anti-reflexo &#8211; e a solu\u00e7\u00e3o \u00e9 mais simples do que voc\u00ea imagina! O Que&hellip;","og_url":"https:\/\/dixx.com.br\/index.php\/2025\/11\/15\/lentes-anti-reflexo-a-chave-para-uma-visao-mais-nitida-e-confortavel\/","og_site_name":"Lojas Dixx","article_publisher":"https:\/\/www.facebook.com\/dixxtaguatinga","article_published_time":"2025-11-15T21:25:31+00:00","article_modified_time":"2025-11-19T13:53:47+00:00","og_image":[{"width":625,"height":417,"url":"https:\/\/dixx.com.br\/wp-content\/uploads\/2025\/11\/antirreflexo.jpg","type":"image\/jpeg"}],"author":"Orlando Passos","twitter_card":"summary_large_image","twitter_misc":{"Escrito por":"Orlando Passos","Est. tempo de leitura":"3 minutos"},"schema":{"@context":"https:\/\/schema.org","@graph":[{"@type":"Article","@id":"https:\/\/dixx.com.br\/index.php\/2025\/11\/15\/lentes-anti-reflexo-a-chave-para-uma-visao-mais-nitida-e-confortavel\/#article","isPartOf":{"@id":"https:\/\/dixx.com.br\/index.php\/2025\/11\/15\/lentes-anti-reflexo-a-chave-para-uma-visao-mais-nitida-e-confortavel\/"},"author":{"name":"Orlando Passos","@id":"https:\/\/dixx.com.br\/#\/schema\/person\/b7781f53d8d7b33bb32d102f4f7d486e"},"headline":"Lentes Anti-reflexo: A Chave para uma Vis\u00e3o Mais N\u00edtida e Confort\u00e1vel","datePublished":"2025-11-15T21:25:31+00:00","dateModified":"2025-11-19T13:53:47+00:00","mainEntityOfPage":{"@id":"https:\/\/dixx.com.br\/index.php\/2025\/11\/15\/lentes-anti-reflexo-a-chave-para-uma-visao-mais-nitida-e-confortavel\/"},"wordCount":494,"commentCount":0,"publisher":{"@id":"https:\/\/dixx.com.br\/#organization"},"image":{"@id":"https:\/\/dixx.com.br\/index.php\/2025\/11\/15\/lentes-anti-reflexo-a-chave-para-uma-visao-mais-nitida-e-confortavel\/#primaryimage"},"thumbnailUrl":"https:\/\/dixx.com.br\/wp-content\/uploads\/2025\/11\/antirreflexo.jpg","keywords":["Anti-reflexos","Haytek","Lentes"],"inLanguage":"pt-BR","potentialAction":[{"@type":"CommentAction","name":"Comment","target":["https:\/\/dixx.com.br\/index.php\/2025\/11\/15\/lentes-anti-reflexo-a-chave-para-uma-visao-mais-nitida-e-confortavel\/#respond"]}]},{"@type":"WebPage","@id":"https:\/\/dixx.com.br\/index.php\/2025\/11\/15\/lentes-anti-reflexo-a-chave-para-uma-visao-mais-nitida-e-confortavel\/","url":"https:\/\/dixx.com.br\/index.php\/2025\/11\/15\/lentes-anti-reflexo-a-chave-para-uma-visao-mais-nitida-e-confortavel\/","name":"Lentes Anti-reflexo: A Chave para uma Vis\u00e3o Mais N\u00edtida e Confort\u00e1vel - Lojas Dixx","isPartOf":{"@id":"https:\/\/dixx.com.br\/#website"},"primaryImageOfPage":{"@id":"https:\/\/dixx.com.br\/index.php\/2025\/11\/15\/lentes-anti-reflexo-a-chave-para-uma-visao-mais-nitida-e-confortavel\/#primaryimage"},"image":{"@id":"https:\/\/dixx.com.br\/index.php\/2025\/11\/15\/lentes-anti-reflexo-a-chave-para-uma-visao-mais-nitida-e-confortavel\/#primaryimage"},"thumbnailUrl":"https:\/\/dixx.com.br\/wp-content\/uploads\/2025\/11\/antirreflexo.jpg","datePublished":"2025-11-15T21:25:31+00:00","dateModified":"2025-11-19T13:53:47+00:00","breadcrumb":{"@id":"https:\/\/dixx.com.br\/index.php\/2025\/11\/15\/lentes-anti-reflexo-a-chave-para-uma-visao-mais-nitida-e-confortavel\/#breadcrumb"},"inLanguage":"pt-BR","potentialAction":[{"@type":"ReadAction","target":["https:\/\/dixx.com.br\/index.php\/2025\/11\/15\/lentes-anti-reflexo-a-chave-para-uma-visao-mais-nitida-e-confortavel\/"]}]},{"@type":"ImageObject","inLanguage":"pt-BR","@id":"https:\/\/dixx.com.br\/index.php\/2025\/11\/15\/lentes-anti-reflexo-a-chave-para-uma-visao-mais-nitida-e-confortavel\/#primaryimage","url":"https:\/\/dixx.com.br\/wp-content\/uploads\/2025\/11\/antirreflexo.jpg","contentUrl":"https:\/\/dixx.com.br\/wp-content\/uploads\/2025\/11\/antirreflexo.jpg","width":625,"height":417},{"@type":"BreadcrumbList","@id":"https:\/\/dixx.com.br\/index.php\/2025\/11\/15\/lentes-anti-reflexo-a-chave-para-uma-visao-mais-nitida-e-confortavel\/#breadcrumb","itemListElement":[{"@type":"ListItem","position":1,"name":"In\u00edcio","item":"https:\/\/dixx.com.br\/"},{"@type":"ListItem","position":2,"name":"Lentes Anti-reflexo: A Chave para uma Vis\u00e3o Mais N\u00edtida e Confort\u00e1vel"}]},{"@type":"WebSite","@id":"https:\/\/dixx.com.br\/#website","url":"https:\/\/dixx.com.br\/","name":"Semijoias Dixx","description":"Descubra uma cole\u00e7\u00e3o exclusiva de semi-joias que combina luxo e acessibilidade. Nossas pe\u00e7as s\u00e3o meticulosamente banhadas a ouro 18k e confeccionadas em prata 925, garantindo durabilidade e beleza. Cada item \u00e9 um testemunho de eleg\u00e2ncia atemporal e sofistica\u00e7\u00e3o, ideal para complementar qualquer estilo, seja moderno ou tradicional. Com compromisso com a qualidade e o artesanato, oferecemos joias que voc\u00ea pode confiar.","publisher":{"@id":"https:\/\/dixx.com.br\/#organization"},"alternateName":"joias Dixx, Prata 925 e Ouro 18k","potentialAction":[{"@type":"SearchAction","target":{"@type":"EntryPoint","urlTemplate":"https:\/\/dixx.com.br\/?s={search_term_string}"},"query-input":{"@type":"PropertyValueSpecification","valueRequired":true,"valueName":"search_term_string"}}],"inLanguage":"pt-BR"},{"@type":["Organization","Place","JewelryStore"],"@id":"https:\/\/dixx.com.br\/#organization","name":"Semijoias Dixx","alternateName":"Joias Dixx","url":"https:\/\/dixx.com.br\/","logo":{"@id":"https:\/\/dixx.com.br\/index.php\/2025\/11\/15\/lentes-anti-reflexo-a-chave-para-uma-visao-mais-nitida-e-confortavel\/#local-main-organization-logo"},"image":{"@id":"https:\/\/dixx.com.br\/index.php\/2025\/11\/15\/lentes-anti-reflexo-a-chave-para-uma-visao-mais-nitida-e-confortavel\/#local-main-organization-logo"},"sameAs":["https:\/\/www.facebook.com\/dixxtaguatinga","https:\/\/www.instagram.com\/Semijoias_dixx"],"description":"Descubra uma cole\u00e7\u00e3o exclusiva de semi-joias que combina luxo e acessibilidade. Nossas pe\u00e7as s\u00e3o meticulosamente banhadas a ouro 18k e confeccionadas em prata 925, garantindo durabilidade e beleza. Cada item \u00e9 um testemunho de eleg\u00e2ncia atemporal e sofistica\u00e7\u00e3o, ideal para complementar qualquer estilo, seja moderno ou tradicional.","foundingDate":"2006-09-01","numberOfEmployees":{"@type":"QuantitativeValue","minValue":"1","maxValue":"10"},"publishingPrinciples":"https:\/\/dixx.com.br\/index.php\/refund_returns\/","ownershipFundingInfo":"https:\/\/dixx.com.br\/index.php\/contato\/","actionableFeedbackPolicy":"https:\/\/dixx.com.br\/index.php\/contato\/","correctionsPolicy":"https:\/\/dixx.com.br\/index.php\/contato\/","ethicsPolicy":"https:\/\/dixx.com.br\/index.php\/refund_returns\/","address":{"@id":"https:\/\/dixx.com.br\/index.php\/2025\/11\/15\/lentes-anti-reflexo-a-chave-para-uma-visao-mais-nitida-e-confortavel\/#local-main-place-address"},"geo":{"@type":"GeoCoordinates","latitude":"-15.835887640904977","longitude":"-48.06067428803497"},"telephone":["61991387437","61981004476"],"contactPoint":{"@type":"ContactPoint","telephone":"61991387437","email":"orlando@dixx.com.br"},"openingHoursSpecification":[{"@type":"OpeningHoursSpecification","dayOfWeek":["Sunday","Monday"],"opens":"00:00","closes":"00:00"},{"@type":"OpeningHoursSpecification","dayOfWeek":["Tuesday","Wednesday","Thursday","Friday","Saturday"],"opens":"09:00","closes":"17:00"}],"email":"contato@dixx.com.br","vatID":"08.346.053\/0001-70","taxID":"041.178.644-08","priceRange":"$$","currenciesAccepted":"Real-BR","paymentAccepted":"Cart\u00e3o de credito, D\u00e9bito, PIX e Dinheiro"},{"@type":"Person","@id":"https:\/\/dixx.com.br\/#\/schema\/person\/b7781f53d8d7b33bb32d102f4f7d486e","name":"Orlando Passos","image":{"@type":"ImageObject","inLanguage":"pt-BR","@id":"https:\/\/lh3.googleusercontent.com\/a\/ACg8ocK40l5HSkjR8J7r1mIJL6ysm9m2NHfDYZgjrNCEd1VYwVBBiQUZ=s96-c?sz=50","url":"https:\/\/lh3.googleusercontent.com\/a\/ACg8ocK40l5HSkjR8J7r1mIJL6ysm9m2NHfDYZgjrNCEd1VYwVBBiQUZ=s96-c?sz=50","contentUrl":"https:\/\/lh3.googleusercontent.com\/a\/ACg8ocK40l5HSkjR8J7r1mIJL6ysm9m2NHfDYZgjrNCEd1VYwVBBiQUZ=s96-c?sz=50","caption":"Orlando Passos"},"sameAs":["https:\/\/dixx.com.br"],"url":"https:\/\/dixx.com.br\/index.php\/author\/obporlando\/"},{"@type":"PostalAddress","@id":"https:\/\/dixx.com.br\/index.php\/2025\/11\/15\/lentes-anti-reflexo-a-chave-para-uma-visao-mais-nitida-e-confortavel\/#local-main-place-address","streetAddress":"\u00c1rea Especial 7, Feira dos Importados de Taguatinga, loja 117","addressLocality":"Bras\u00edlia","postalCode":"72016-131","addressRegion":"Distrito Federal","addressCountry":"BR"},{"@type":"ImageObject","inLanguage":"pt-BR","@id":"https:\/\/dixx.com.br\/index.php\/2025\/11\/15\/lentes-anti-reflexo-a-chave-para-uma-visao-mais-nitida-e-confortavel\/#local-main-organization-logo","url":"https:\/\/dixx.com.br\/wp-content\/uploads\/2024\/06\/cropped-LOGO-DIXX-OLD-e1718293516659.png","contentUrl":"https:\/\/dixx.com.br\/wp-content\/uploads\/2024\/06\/cropped-LOGO-DIXX-OLD-e1718293516659.png","width":149,"height":56,"caption":"Semijoias Dixx"}]},"geo.placename":"Bras\u00edlia","geo.position":{"lat":"-15.835887640904977","long":"-48.06067428803497"},"geo.region":"Brasil"},"author_meta":{"display_name":"Orlando Passos","author_link":"https:\/\/dixx.com.br\/index.php\/author\/obporlando\/"},"featured_img":"https:\/\/dixx.com.br\/wp-content\/uploads\/2025\/11\/antirreflexo-300x200.jpg","coauthors":[],"tax_additional":{"categories":{"linked":["<a href=\"https:\/\/dixx.com.br\/index.php\/category\/sem-categoria\/\" class=\"advgb-post-tax-term\">Sem categoria<\/a>"],"unlinked":["<span class=\"advgb-post-tax-term\">Sem categoria<\/span>"]},"tags":{"linked":["<a href=\"https:\/\/dixx.com.br\/index.php\/category\/sem-categoria\/\" class=\"advgb-post-tax-term\">Anti-reflexos<\/a>","<a href=\"https:\/\/dixx.com.br\/index.php\/category\/sem-categoria\/\" class=\"advgb-post-tax-term\">Haytek<\/a>","<a href=\"https:\/\/dixx.com.br\/index.php\/category\/sem-categoria\/\" class=\"advgb-post-tax-term\">Lentes<\/a>"],"unlinked":["<span class=\"advgb-post-tax-term\">Anti-reflexos<\/span>","<span class=\"advgb-post-tax-term\">Haytek<\/span>","<span class=\"advgb-post-tax-term\">Lentes<\/span>"]}},"comment_count":"0","relative_dates":{"created":"Publicado 5 meses atr\u00e1s","modified":"Atualizado 5 meses atr\u00e1s"},"absolute_dates":{"created":"Publicado em 15 de novembro de 2025","modified":"Atualizado em 19 de novembro de 2025"},"absolute_dates_time":{"created":"Publicado em 15 de novembro de 2025 18:25","modified":"Atualizado em 19 de novembro de 2025 10:53"},"featured_img_caption":"","series_order":"","_links":{"self":[{"href":"https:\/\/dixx.com.br\/index.php\/wp-json\/wp\/v2\/posts\/26641","targetHints":{"allow":["GET"]}}],"collection":[{"href":"https:\/\/dixx.com.br\/index.php\/wp-json\/wp\/v2\/posts"}],"about":[{"href":"https:\/\/dixx.com.br\/index.php\/wp-json\/wp\/v2\/types\/post"}],"author":[{"embeddable":true,"href":"https:\/\/dixx.com.br\/index.php\/wp-json\/wp\/v2\/users\/1"}],"replies":[{"embeddable":true,"href":"https:\/\/dixx.com.br\/index.php\/wp-json\/wp\/v2\/comments?post=26641"}],"version-history":[{"count":1,"href":"https:\/\/dixx.com.br\/index.php\/wp-json\/wp\/v2\/posts\/26641\/revisions"}],"predecessor-version":[{"id":26642,"href":"https:\/\/dixx.com.br\/index.php\/wp-json\/wp\/v2\/posts\/26641\/revisions\/26642"}],"wp:featuredmedia":[{"embeddable":true,"href":"https:\/\/dixx.com.br\/index.php\/wp-json\/wp\/v2\/media\/26709"}],"wp:attachment":[{"href":"https:\/\/dixx.com.br\/index.php\/wp-json\/wp\/v2\/media?parent=26641"}],"wp:term":[{"taxonomy":"category","embeddable":true,"href":"https:\/\/dixx.com.br\/index.php\/wp-json\/wp\/v2\/categories?post=26641"},{"taxonomy":"post_tag","embeddable":true,"href":"https:\/\/dixx.com.br\/index.php\/wp-json\/wp\/v2\/tags?post=26641"}],"curies":[{"name":"wp","href":"https:\/\/api.w.org\/{rel}","templated":true}]}}