{"id":26646,"date":"2025-11-15T18:36:25","date_gmt":"2025-11-15T21:36:25","guid":{"rendered":"https:\/\/dixx.com.br\/?p=26646"},"modified":"2025-11-19T09:45:48","modified_gmt":"2025-11-19T12:45:48","slug":"lentes-fotocromaticas-os-oculos-que-se-transformam-com-a-luz","status":"publish","type":"post","link":"https:\/\/dixx.com.br\/index.php\/2025\/11\/15\/lentes-fotocromaticas-os-oculos-que-se-transformam-com-a-luz\/","title":{"rendered":"Lentes Fotocrom\u00e1ticas: Os \u00d3culos que se Transformam com a Luz!"},"content":{"rendered":"\n<p>Imagine ter um par de \u00f3culos que \u00e9 <strong>inteligente o suficiente<\/strong> para se adaptar sozinho \u00e0s mudan\u00e7as de luz? Parece coisa de filme de fic\u00e7\u00e3o, mas essa tecnologia j\u00e1 existe h\u00e1 anos e se chama <strong>lentes fotocrom\u00e1ticas<\/strong>!<\/p>\n\n\n\n<hr class=\"wp-block-separator has-alpha-channel-opacity\"\/>\n\n\n\n<h3 class=\"wp-block-heading\" id=\"h-o-que-sao-lentes-fotocromaticas\">O Que S\u00e3o Lentes Fotocrom\u00e1ticas?<\/h3>\n\n\n\n<p>S\u00e3o lentes <strong>transformadoras<\/strong> que:<\/p>\n\n\n\n<ul class=\"wp-block-list\">\n<li>\ud83d\udd04 <strong>Escurecem<\/strong> automaticamente no sol<\/li>\n\n\n\n<li>\ud83d\udd04 <strong>Clareiam<\/strong> em ambientes internos<\/li>\n\n\n\n<li>\ud83d\udd04 <strong>Protegem<\/strong> contra os raios UV<\/li>\n\n\n\n<li>\ud83d\udd04 <strong>Adaptam-se<\/strong> continuamente \u00e0 luz ambiente<\/li>\n<\/ul>\n\n\n\n<p>\u00c9 como ter <strong>dois pares de \u00f3culos em um<\/strong> &#8211; seus \u00f3culos de ver e seus \u00f3culos de sol!<\/p>\n\n\n\n<hr class=\"wp-block-separator has-alpha-channel-opacity\"\/>\n\n\n\n<h3 class=\"wp-block-heading\" id=\"h-como-essa-magica-funciona\">Como Essa M\u00e1gica Funciona?<\/h3>\n\n\n\n<p>Dentro das lentes existem <strong>milh\u00f5es de mol\u00e9culas fotossens\u00edveis<\/strong> (normalmente de prata ou outros compostos) que:<\/p>\n\n\n\n<p>\u2705 <strong>No escuro\/indoor<\/strong>: Permanecem transparentes<br>\u2705 <strong>Na luz UV<\/strong>: Reagem instantaneamente e escurecem<br>\u2705 <strong>Sem UV<\/strong>: Voltam ao estado claro automaticamente<\/p>\n\n\n\n<p><strong>\u00c9 importante saber<\/strong>: Elas reagem principalmente aos raios UV, n\u00e3o apenas \u00e0 claridade!<\/p>\n\n\n\n<hr class=\"wp-block-separator has-alpha-channel-opacity\"\/>\n\n\n\n<h3 class=\"wp-block-heading\" id=\"h-os-superpoderes-das-lentes-fotocromaticas\">Os Superpoderes das Lentes Fotocrom\u00e1ticas<\/h3>\n\n\n\n<h4 class=\"wp-block-heading\" id=\"h-protecao-3-em-1\">\ud83d\udee1\ufe0f <strong>Prote\u00e7\u00e3o 3 em 1<\/strong><\/h4>\n\n\n\n<ol class=\"wp-block-list\">\n<li><strong>Corrigem seu grau<\/strong><\/li>\n\n\n\n<li><strong>Protegem contra UV 100%<\/strong><\/li>\n\n\n\n<li><strong>Reduzem o brilho intenso<\/strong><\/li>\n<\/ol>\n\n\n\n<h4 class=\"wp-block-heading\" id=\"h-velocidade-de-transformacao\">\u23f1\ufe0f <strong>Velocidade de Transforma\u00e7\u00e3o<\/strong><\/h4>\n\n\n\n<ul class=\"wp-block-list\">\n<li><strong>Escurecem em 30-60 segundos<\/strong> no sol<\/li>\n\n\n\n<li><strong>Clareiam em 2-5 minutos<\/strong> ao voltar para dentro<\/li>\n\n\n\n<li><strong>Temperatura afeta<\/strong>: Escurecem mais no frio, menos no calor<\/li>\n<\/ul>\n\n\n\n<h4 class=\"wp-block-heading\" id=\"h-versatilidade-total\">\ud83c\udfaf <strong>Versatilidade Total<\/strong><\/h4>\n\n\n\n<ul class=\"wp-block-list\">\n<li><strong>Dirigir<\/strong>: Perfeito para transi\u00e7\u00e3o estrada\/t\u00faneis<\/li>\n\n\n\n<li><strong>Trabalhar<\/strong>: Ideal para quem entra e sai frequentemente<\/li>\n\n\n\n<li><strong>Esportes<\/strong>: Prote\u00e7\u00e3o din\u00e2mica durante atividades externas<\/li>\n\n\n\n<li><strong>Dia a dia<\/strong>: Praticidade m\u00e1xima para rotinas variadas<\/li>\n<\/ul>\n\n\n\n<hr class=\"wp-block-separator has-alpha-channel-opacity\"\/>\n\n\n\n<h3 class=\"wp-block-heading\" id=\"h-mitos-que-precisam-ser-desfeitos\">Mitos que Precisam Ser Desfeitos<\/h3>\n\n\n\n<p>\ud83d\udeab <strong>&#8220;Elas n\u00e3o escurecem no carro&#8221;<\/strong><br>\u2705 <strong>VERDADE<\/strong>: Modelos modernos escurecem sim, mesmo nos vidros do carro!<\/p>\n\n\n\n<p>\ud83d\udeab <strong>&#8220;S\u00e3o muito lentas&#8221;<\/strong><br>\u2705 <strong>VERDADE<\/strong>: A tecnologia evoluiu muito &#8211; hoje s\u00e3o r\u00e1pidas e eficientes<\/p>\n\n\n\n<p>\ud83d\udeab <strong>&#8220;S\u00f3 ficam meia-boca&#8221;<\/strong><br>\u2705 <strong>VERDADE<\/strong>: As atuais ficam bem escuras e bastante claras<\/p>\n\n\n\n<hr class=\"wp-block-separator has-alpha-channel-opacity\"\/>\n\n\n\n<h3 class=\"wp-block-heading\" id=\"h-para-quem-sao-indicadas\">Para Quem S\u00e3o Indicadas?<\/h3>\n\n\n\n<p><strong>Quase todo mundo!<\/strong> Mas especialmente:<\/p>\n\n\n\n<p>\ud83d\udc68\u200d\ud83d\udcbc <strong>Profissionais que transitam<\/strong> entre ambientes<br>\ud83d\ude97 <strong>Motoristas<\/strong> e pessoas que dirigem frequentemente<br>\ud83d\udc76 <strong>Crian\u00e7as<\/strong> (praticidade + prote\u00e7\u00e3o)<br>\ud83c\udfc3 <strong>Esportistas<\/strong> e pessoas ativas<br>\ud83d\udc53 <strong>Quem quer praticidade<\/strong> no dia a dia<\/p>\n\n\n\n<hr class=\"wp-block-separator has-alpha-channel-opacity\"\/>\n\n\n\n<h3 class=\"wp-block-heading\" id=\"h-combinacoes-poderosas\">Combina\u00e7\u00f5es Poderosas<\/h3>\n\n\n\n<p>As lentes fotocrom\u00e1ticas podem ser <strong>personalizadas<\/strong>:<\/p>\n\n\n\n<p>\u2728 <strong>+ Filtro Azul<\/strong> = Prote\u00e7\u00e3o digital + adaptabilidade<br>\u2728 <strong>+ Anti-reflexo<\/strong> = Conforto m\u00e1ximo + intelig\u00eancia<br>\u2728 <strong>+ Alta resist\u00eancia<\/strong> = Durabilidade + prote\u00e7\u00e3o<\/p>\n\n\n\n<hr class=\"wp-block-separator has-alpha-channel-opacity\"\/>\n\n\n\n<h3 class=\"wp-block-heading\" id=\"h-cuidados-e-durabilidade\">Cuidados e Durabilidade<\/h3>\n\n\n\n<ul class=\"wp-block-list\">\n<li><strong>Vida \u00fatil<\/strong>: 2-3 anos de performance m\u00e1xima<\/li>\n\n\n\n<li><strong>Limpeza<\/strong>: \u00c1gua e sab\u00e3o neutro, secar com flanela<\/li>\n\n\n\n<li><strong>Evitar<\/strong>: Calor excessivo e produtos qu\u00edmicos agressivos<\/li>\n<\/ul>\n\n\n\n<hr class=\"wp-block-separator has-alpha-channel-opacity\"\/>\n\n\n\n<h3 class=\"wp-block-heading\" id=\"h-vale-o-investimento\">Vale o Investimento?<\/h3>\n\n\n\n<p><strong>ABSURDAMENTE SIM!<\/strong> Considerando que voc\u00ea ter\u00e1:<\/p>\n\n\n\n<ul class=\"wp-block-list\">\n<li>\u2705 Dois pares de \u00f3culos em um<\/li>\n\n\n\n<li>\u2705 Prote\u00e7\u00e3o UV constante<\/li>\n\n\n\n<li>\u2705 Conforto visual em qualquer ambiente<\/li>\n\n\n\n<li>\u2705 Praticidade incompar\u00e1vel<\/li>\n<\/ul>\n\n\n\n<p>O custo-benef\u00edcio \u00e9 excelente!<\/p>\n\n\n\n<hr class=\"wp-block-separator has-alpha-channel-opacity\"\/>\n\n\n\n<p><strong>Experimente a liberdade de \u00f3culos que pensam por voc\u00ea!<\/strong><br><em>Na pr\u00f3xima consulta, pergunte ao seu oftalmologista sobre as lentes fotocrom\u00e1ticas &#8211; seu dia a dia agradece! \ud83c\udf1e\u27a1\ufe0f\ud83c\udf19<\/em><\/p>\n\n\n\n<p><strong>Porque enxergar bem em qualquer luz n\u00e3o \u00e9 luxo, \u00e9 qualidade de vida!<\/strong> \ud83d\udc53\ud83c\udf08<\/p>\n","protected":false},"excerpt":{"rendered":"<p>Imagine ter um par de \u00f3culos que \u00e9 inteligente o suficiente para se adaptar sozinho \u00e0s mudan\u00e7as de luz? Parece coisa de filme de fic\u00e7\u00e3o, mas essa tecnologia j\u00e1 existe h\u00e1 anos e se chama lentes fotocrom\u00e1ticas! O Que S\u00e3o Lentes Fotocrom\u00e1ticas? S\u00e3o lentes transformadoras&hellip;<\/p>\n","protected":false},"author":1,"featured_media":26707,"comment_status":"open","ping_status":"open","sticky":false,"template":"","format":"standard","meta":{"advgb_blocks_editor_width":"","advgb_blocks_columns_visual_guide":"","footnotes":""},"categories":[1],"tags":[2869,2859,2858,2870],"class_list":["post-26646","post","type-post","status-publish","format-standard","has-post-thumbnail","hentry","category-sem-categoria","tag-fotocromatico","tag-haytek","tag-lentes","tag-transition"],"yoast_head":"<!-- This site is optimized with the Yoast SEO Premium plugin v22.8 (Yoast SEO v27.5) - https:\/\/yoast.com\/product\/yoast-seo-premium-wordpress\/ -->\n<title>Lentes Fotocrom\u00e1ticas: Os \u00d3culos que se Transformam com a Luz! - Lojas Dixx<\/title>\n<meta name=\"robots\" content=\"index, follow, max-snippet:-1, max-image-preview:large, max-video-preview:-1\" \/>\n<link rel=\"canonical\" href=\"https:\/\/dixx.com.br\/index.php\/2025\/11\/15\/lentes-fotocromaticas-os-oculos-que-se-transformam-com-a-luz\/\" \/>\n<meta property=\"og:locale\" content=\"pt_BR\" \/>\n<meta property=\"og:type\" content=\"article\" \/>\n<meta property=\"og:title\" content=\"Lentes Fotocrom\u00e1ticas: Os \u00d3culos que se Transformam com a Luz!\" \/>\n<meta property=\"og:description\" content=\"Imagine ter um par de \u00f3culos que \u00e9 inteligente o suficiente para se adaptar sozinho \u00e0s mudan\u00e7as de luz? Parece coisa de filme de fic\u00e7\u00e3o, mas essa tecnologia j\u00e1 existe h\u00e1 anos e se chama lentes fotocrom\u00e1ticas! O Que S\u00e3o Lentes Fotocrom\u00e1ticas? S\u00e3o lentes transformadoras&hellip;\" \/>\n<meta property=\"og:url\" content=\"https:\/\/dixx.com.br\/index.php\/2025\/11\/15\/lentes-fotocromaticas-os-oculos-que-se-transformam-com-a-luz\/\" \/>\n<meta property=\"og:site_name\" content=\"Lojas Dixx\" \/>\n<meta property=\"article:publisher\" content=\"https:\/\/www.facebook.com\/dixxtaguatinga\" \/>\n<meta property=\"article:published_time\" content=\"2025-11-15T21:36:25+00:00\" \/>\n<meta property=\"article:modified_time\" content=\"2025-11-19T12:45:48+00:00\" \/>\n<meta property=\"og:image\" content=\"https:\/\/dixx.com.br\/wp-content\/uploads\/2025\/11\/fotocromatica.jpg\" \/>\n\t<meta property=\"og:image:width\" content=\"1024\" \/>\n\t<meta property=\"og:image:height\" content=\"1024\" \/>\n\t<meta property=\"og:image:type\" content=\"image\/jpeg\" \/>\n<meta name=\"author\" content=\"Orlando Passos\" \/>\n<meta name=\"twitter:card\" content=\"summary_large_image\" \/>\n<meta name=\"twitter:label1\" content=\"Escrito por\" \/>\n\t<meta name=\"twitter:data1\" content=\"Orlando Passos\" \/>\n\t<meta name=\"twitter:label2\" content=\"Est. tempo de leitura\" \/>\n\t<meta name=\"twitter:data2\" content=\"3 minutos\" \/>\n<script type=\"application\/ld+json\" class=\"yoast-schema-graph\">{\"@context\":\"https:\\\/\\\/schema.org\",\"@graph\":[{\"@type\":\"Article\",\"@id\":\"https:\\\/\\\/dixx.com.br\\\/index.php\\\/2025\\\/11\\\/15\\\/lentes-fotocromaticas-os-oculos-que-se-transformam-com-a-luz\\\/#article\",\"isPartOf\":{\"@id\":\"https:\\\/\\\/dixx.com.br\\\/index.php\\\/2025\\\/11\\\/15\\\/lentes-fotocromaticas-os-oculos-que-se-transformam-com-a-luz\\\/\"},\"author\":{\"name\":\"Orlando Passos\",\"@id\":\"https:\\\/\\\/dixx.com.br\\\/#\\\/schema\\\/person\\\/b7781f53d8d7b33bb32d102f4f7d486e\"},\"headline\":\"Lentes Fotocrom\u00e1ticas: Os \u00d3culos que se Transformam com a Luz!\",\"datePublished\":\"2025-11-15T21:36:25+00:00\",\"dateModified\":\"2025-11-19T12:45:48+00:00\",\"mainEntityOfPage\":{\"@id\":\"https:\\\/\\\/dixx.com.br\\\/index.php\\\/2025\\\/11\\\/15\\\/lentes-fotocromaticas-os-oculos-que-se-transformam-com-a-luz\\\/\"},\"wordCount\":446,\"commentCount\":0,\"publisher\":{\"@id\":\"https:\\\/\\\/dixx.com.br\\\/#organization\"},\"image\":{\"@id\":\"https:\\\/\\\/dixx.com.br\\\/index.php\\\/2025\\\/11\\\/15\\\/lentes-fotocromaticas-os-oculos-que-se-transformam-com-a-luz\\\/#primaryimage\"},\"thumbnailUrl\":\"https:\\\/\\\/dixx.com.br\\\/wp-content\\\/uploads\\\/2025\\\/11\\\/fotocromatica.jpg\",\"keywords\":[\"Fotocrom\u00e1tico\",\"Haytek\",\"Lentes\",\"Transition\"],\"inLanguage\":\"pt-BR\",\"potentialAction\":[{\"@type\":\"CommentAction\",\"name\":\"Comment\",\"target\":[\"https:\\\/\\\/dixx.com.br\\\/index.php\\\/2025\\\/11\\\/15\\\/lentes-fotocromaticas-os-oculos-que-se-transformam-com-a-luz\\\/#respond\"]}]},{\"@type\":\"WebPage\",\"@id\":\"https:\\\/\\\/dixx.com.br\\\/index.php\\\/2025\\\/11\\\/15\\\/lentes-fotocromaticas-os-oculos-que-se-transformam-com-a-luz\\\/\",\"url\":\"https:\\\/\\\/dixx.com.br\\\/index.php\\\/2025\\\/11\\\/15\\\/lentes-fotocromaticas-os-oculos-que-se-transformam-com-a-luz\\\/\",\"name\":\"Lentes Fotocrom\u00e1ticas: Os \u00d3culos que se Transformam com a Luz! - Lojas Dixx\",\"isPartOf\":{\"@id\":\"https:\\\/\\\/dixx.com.br\\\/#website\"},\"primaryImageOfPage\":{\"@id\":\"https:\\\/\\\/dixx.com.br\\\/index.php\\\/2025\\\/11\\\/15\\\/lentes-fotocromaticas-os-oculos-que-se-transformam-com-a-luz\\\/#primaryimage\"},\"image\":{\"@id\":\"https:\\\/\\\/dixx.com.br\\\/index.php\\\/2025\\\/11\\\/15\\\/lentes-fotocromaticas-os-oculos-que-se-transformam-com-a-luz\\\/#primaryimage\"},\"thumbnailUrl\":\"https:\\\/\\\/dixx.com.br\\\/wp-content\\\/uploads\\\/2025\\\/11\\\/fotocromatica.jpg\",\"datePublished\":\"2025-11-15T21:36:25+00:00\",\"dateModified\":\"2025-11-19T12:45:48+00:00\",\"breadcrumb\":{\"@id\":\"https:\\\/\\\/dixx.com.br\\\/index.php\\\/2025\\\/11\\\/15\\\/lentes-fotocromaticas-os-oculos-que-se-transformam-com-a-luz\\\/#breadcrumb\"},\"inLanguage\":\"pt-BR\",\"potentialAction\":[{\"@type\":\"ReadAction\",\"target\":[\"https:\\\/\\\/dixx.com.br\\\/index.php\\\/2025\\\/11\\\/15\\\/lentes-fotocromaticas-os-oculos-que-se-transformam-com-a-luz\\\/\"]}]},{\"@type\":\"ImageObject\",\"inLanguage\":\"pt-BR\",\"@id\":\"https:\\\/\\\/dixx.com.br\\\/index.php\\\/2025\\\/11\\\/15\\\/lentes-fotocromaticas-os-oculos-que-se-transformam-com-a-luz\\\/#primaryimage\",\"url\":\"https:\\\/\\\/dixx.com.br\\\/wp-content\\\/uploads\\\/2025\\\/11\\\/fotocromatica.jpg\",\"contentUrl\":\"https:\\\/\\\/dixx.com.br\\\/wp-content\\\/uploads\\\/2025\\\/11\\\/fotocromatica.jpg\",\"width\":1024,\"height\":1024},{\"@type\":\"BreadcrumbList\",\"@id\":\"https:\\\/\\\/dixx.com.br\\\/index.php\\\/2025\\\/11\\\/15\\\/lentes-fotocromaticas-os-oculos-que-se-transformam-com-a-luz\\\/#breadcrumb\",\"itemListElement\":[{\"@type\":\"ListItem\",\"position\":1,\"name\":\"In\u00edcio\",\"item\":\"https:\\\/\\\/dixx.com.br\\\/\"},{\"@type\":\"ListItem\",\"position\":2,\"name\":\"Lentes Fotocrom\u00e1ticas: Os \u00d3culos que se Transformam com a Luz!\"}]},{\"@type\":\"WebSite\",\"@id\":\"https:\\\/\\\/dixx.com.br\\\/#website\",\"url\":\"https:\\\/\\\/dixx.com.br\\\/\",\"name\":\"Semijoias Dixx\",\"description\":\"Descubra uma cole\u00e7\u00e3o exclusiva de semi-joias que combina luxo e acessibilidade. Nossas pe\u00e7as s\u00e3o meticulosamente banhadas a ouro 18k e confeccionadas em prata 925, garantindo durabilidade e beleza. Cada item \u00e9 um testemunho de eleg\u00e2ncia atemporal e sofistica\u00e7\u00e3o, ideal para complementar qualquer estilo, seja moderno ou tradicional. Com compromisso com a qualidade e o artesanato, oferecemos joias que voc\u00ea pode confiar.\",\"publisher\":{\"@id\":\"https:\\\/\\\/dixx.com.br\\\/#organization\"},\"alternateName\":\"joias Dixx, Prata 925 e Ouro 18k\",\"potentialAction\":[{\"@type\":\"SearchAction\",\"target\":{\"@type\":\"EntryPoint\",\"urlTemplate\":\"https:\\\/\\\/dixx.com.br\\\/?s={search_term_string}\"},\"query-input\":{\"@type\":\"PropertyValueSpecification\",\"valueRequired\":true,\"valueName\":\"search_term_string\"}}],\"inLanguage\":\"pt-BR\"},{\"@type\":[\"Organization\",\"Place\",\"JewelryStore\"],\"@id\":\"https:\\\/\\\/dixx.com.br\\\/#organization\",\"name\":\"Semijoias Dixx\",\"alternateName\":\"Joias Dixx\",\"url\":\"https:\\\/\\\/dixx.com.br\\\/\",\"logo\":{\"@id\":\"https:\\\/\\\/dixx.com.br\\\/index.php\\\/2025\\\/11\\\/15\\\/lentes-fotocromaticas-os-oculos-que-se-transformam-com-a-luz\\\/#local-main-organization-logo\"},\"image\":{\"@id\":\"https:\\\/\\\/dixx.com.br\\\/index.php\\\/2025\\\/11\\\/15\\\/lentes-fotocromaticas-os-oculos-que-se-transformam-com-a-luz\\\/#local-main-organization-logo\"},\"sameAs\":[\"https:\\\/\\\/www.facebook.com\\\/dixxtaguatinga\",\"https:\\\/\\\/www.instagram.com\\\/Semijoias_dixx\"],\"description\":\"Descubra uma cole\u00e7\u00e3o exclusiva de semi-joias que combina luxo e acessibilidade. Nossas pe\u00e7as s\u00e3o meticulosamente banhadas a ouro 18k e confeccionadas em prata 925, garantindo durabilidade e beleza. Cada item \u00e9 um testemunho de eleg\u00e2ncia atemporal e sofistica\u00e7\u00e3o, ideal para complementar qualquer estilo, seja moderno ou tradicional.\",\"foundingDate\":\"2006-09-01\",\"numberOfEmployees\":{\"@type\":\"QuantitativeValue\",\"minValue\":\"1\",\"maxValue\":\"10\"},\"publishingPrinciples\":\"https:\\\/\\\/dixx.com.br\\\/index.php\\\/refund_returns\\\/\",\"ownershipFundingInfo\":\"https:\\\/\\\/dixx.com.br\\\/index.php\\\/contato\\\/\",\"actionableFeedbackPolicy\":\"https:\\\/\\\/dixx.com.br\\\/index.php\\\/contato\\\/\",\"correctionsPolicy\":\"https:\\\/\\\/dixx.com.br\\\/index.php\\\/contato\\\/\",\"ethicsPolicy\":\"https:\\\/\\\/dixx.com.br\\\/index.php\\\/refund_returns\\\/\",\"address\":{\"@id\":\"https:\\\/\\\/dixx.com.br\\\/index.php\\\/2025\\\/11\\\/15\\\/lentes-fotocromaticas-os-oculos-que-se-transformam-com-a-luz\\\/#local-main-place-address\"},\"geo\":{\"@type\":\"GeoCoordinates\",\"latitude\":\"-15.835887640904977\",\"longitude\":\"-48.06067428803497\"},\"telephone\":[\"61991387437\",\"61981004476\"],\"contactPoint\":{\"@type\":\"ContactPoint\",\"telephone\":\"61991387437\",\"email\":\"orlando@dixx.com.br\"},\"openingHoursSpecification\":[{\"@type\":\"OpeningHoursSpecification\",\"dayOfWeek\":[\"Sunday\",\"Monday\"],\"opens\":\"00:00\",\"closes\":\"00:00\"},{\"@type\":\"OpeningHoursSpecification\",\"dayOfWeek\":[\"Tuesday\",\"Wednesday\",\"Thursday\",\"Friday\",\"Saturday\"],\"opens\":\"09:00\",\"closes\":\"17:00\"}],\"email\":\"contato@dixx.com.br\",\"vatID\":\"08.346.053\\\/0001-70\",\"taxID\":\"041.178.644-08\",\"priceRange\":\"$$\",\"currenciesAccepted\":\"Real-BR\",\"paymentAccepted\":\"Cart\u00e3o de credito, D\u00e9bito, PIX e Dinheiro\"},{\"@type\":\"Person\",\"@id\":\"https:\\\/\\\/dixx.com.br\\\/#\\\/schema\\\/person\\\/b7781f53d8d7b33bb32d102f4f7d486e\",\"name\":\"Orlando Passos\",\"image\":{\"@type\":\"ImageObject\",\"inLanguage\":\"pt-BR\",\"@id\":\"https:\\\/\\\/lh3.googleusercontent.com\\\/a\\\/ACg8ocK40l5HSkjR8J7r1mIJL6ysm9m2NHfDYZgjrNCEd1VYwVBBiQUZ=s96-c?sz=50\",\"url\":\"https:\\\/\\\/lh3.googleusercontent.com\\\/a\\\/ACg8ocK40l5HSkjR8J7r1mIJL6ysm9m2NHfDYZgjrNCEd1VYwVBBiQUZ=s96-c?sz=50\",\"contentUrl\":\"https:\\\/\\\/lh3.googleusercontent.com\\\/a\\\/ACg8ocK40l5HSkjR8J7r1mIJL6ysm9m2NHfDYZgjrNCEd1VYwVBBiQUZ=s96-c?sz=50\",\"caption\":\"Orlando Passos\"},\"sameAs\":[\"https:\\\/\\\/dixx.com.br\"],\"url\":\"https:\\\/\\\/dixx.com.br\\\/index.php\\\/author\\\/obporlando\\\/\"},{\"@type\":\"PostalAddress\",\"@id\":\"https:\\\/\\\/dixx.com.br\\\/index.php\\\/2025\\\/11\\\/15\\\/lentes-fotocromaticas-os-oculos-que-se-transformam-com-a-luz\\\/#local-main-place-address\",\"streetAddress\":\"\u00c1rea Especial 7, Feira dos Importados de Taguatinga, loja 117\",\"addressLocality\":\"Bras\u00edlia\",\"postalCode\":\"72016-131\",\"addressRegion\":\"Distrito Federal\",\"addressCountry\":\"BR\"},{\"@type\":\"ImageObject\",\"inLanguage\":\"pt-BR\",\"@id\":\"https:\\\/\\\/dixx.com.br\\\/index.php\\\/2025\\\/11\\\/15\\\/lentes-fotocromaticas-os-oculos-que-se-transformam-com-a-luz\\\/#local-main-organization-logo\",\"url\":\"https:\\\/\\\/dixx.com.br\\\/wp-content\\\/uploads\\\/2024\\\/06\\\/cropped-LOGO-DIXX-OLD-e1718293516659.png\",\"contentUrl\":\"https:\\\/\\\/dixx.com.br\\\/wp-content\\\/uploads\\\/2024\\\/06\\\/cropped-LOGO-DIXX-OLD-e1718293516659.png\",\"width\":149,\"height\":56,\"caption\":\"Semijoias Dixx\"}]}<\/script>\n<meta name=\"geo.placename\" content=\"Bras\u00edlia\" \/>\n<meta name=\"geo.position\" content=\"-15.835887640904977;-48.06067428803497\" \/>\n<meta name=\"geo.region\" content=\"Brasil\" \/>\n<!-- \/ Yoast SEO Premium plugin. -->","yoast_head_json":{"title":"Lentes Fotocrom\u00e1ticas: Os \u00d3culos que se Transformam com a Luz! - Lojas Dixx","robots":{"index":"index","follow":"follow","max-snippet":"max-snippet:-1","max-image-preview":"max-image-preview:large","max-video-preview":"max-video-preview:-1"},"canonical":"https:\/\/dixx.com.br\/index.php\/2025\/11\/15\/lentes-fotocromaticas-os-oculos-que-se-transformam-com-a-luz\/","og_locale":"pt_BR","og_type":"article","og_title":"Lentes Fotocrom\u00e1ticas: Os \u00d3culos que se Transformam com a Luz!","og_description":"Imagine ter um par de \u00f3culos que \u00e9 inteligente o suficiente para se adaptar sozinho \u00e0s mudan\u00e7as de luz? Parece coisa de filme de fic\u00e7\u00e3o, mas essa tecnologia j\u00e1 existe h\u00e1 anos e se chama lentes fotocrom\u00e1ticas! O Que S\u00e3o Lentes Fotocrom\u00e1ticas? S\u00e3o lentes transformadoras&hellip;","og_url":"https:\/\/dixx.com.br\/index.php\/2025\/11\/15\/lentes-fotocromaticas-os-oculos-que-se-transformam-com-a-luz\/","og_site_name":"Lojas Dixx","article_publisher":"https:\/\/www.facebook.com\/dixxtaguatinga","article_published_time":"2025-11-15T21:36:25+00:00","article_modified_time":"2025-11-19T12:45:48+00:00","og_image":[{"width":1024,"height":1024,"url":"https:\/\/dixx.com.br\/wp-content\/uploads\/2025\/11\/fotocromatica.jpg","type":"image\/jpeg"}],"author":"Orlando Passos","twitter_card":"summary_large_image","twitter_misc":{"Escrito por":"Orlando Passos","Est. tempo de leitura":"3 minutos"},"schema":{"@context":"https:\/\/schema.org","@graph":[{"@type":"Article","@id":"https:\/\/dixx.com.br\/index.php\/2025\/11\/15\/lentes-fotocromaticas-os-oculos-que-se-transformam-com-a-luz\/#article","isPartOf":{"@id":"https:\/\/dixx.com.br\/index.php\/2025\/11\/15\/lentes-fotocromaticas-os-oculos-que-se-transformam-com-a-luz\/"},"author":{"name":"Orlando Passos","@id":"https:\/\/dixx.com.br\/#\/schema\/person\/b7781f53d8d7b33bb32d102f4f7d486e"},"headline":"Lentes Fotocrom\u00e1ticas: Os \u00d3culos que se Transformam com a Luz!","datePublished":"2025-11-15T21:36:25+00:00","dateModified":"2025-11-19T12:45:48+00:00","mainEntityOfPage":{"@id":"https:\/\/dixx.com.br\/index.php\/2025\/11\/15\/lentes-fotocromaticas-os-oculos-que-se-transformam-com-a-luz\/"},"wordCount":446,"commentCount":0,"publisher":{"@id":"https:\/\/dixx.com.br\/#organization"},"image":{"@id":"https:\/\/dixx.com.br\/index.php\/2025\/11\/15\/lentes-fotocromaticas-os-oculos-que-se-transformam-com-a-luz\/#primaryimage"},"thumbnailUrl":"https:\/\/dixx.com.br\/wp-content\/uploads\/2025\/11\/fotocromatica.jpg","keywords":["Fotocrom\u00e1tico","Haytek","Lentes","Transition"],"inLanguage":"pt-BR","potentialAction":[{"@type":"CommentAction","name":"Comment","target":["https:\/\/dixx.com.br\/index.php\/2025\/11\/15\/lentes-fotocromaticas-os-oculos-que-se-transformam-com-a-luz\/#respond"]}]},{"@type":"WebPage","@id":"https:\/\/dixx.com.br\/index.php\/2025\/11\/15\/lentes-fotocromaticas-os-oculos-que-se-transformam-com-a-luz\/","url":"https:\/\/dixx.com.br\/index.php\/2025\/11\/15\/lentes-fotocromaticas-os-oculos-que-se-transformam-com-a-luz\/","name":"Lentes Fotocrom\u00e1ticas: Os \u00d3culos que se Transformam com a Luz! - Lojas Dixx","isPartOf":{"@id":"https:\/\/dixx.com.br\/#website"},"primaryImageOfPage":{"@id":"https:\/\/dixx.com.br\/index.php\/2025\/11\/15\/lentes-fotocromaticas-os-oculos-que-se-transformam-com-a-luz\/#primaryimage"},"image":{"@id":"https:\/\/dixx.com.br\/index.php\/2025\/11\/15\/lentes-fotocromaticas-os-oculos-que-se-transformam-com-a-luz\/#primaryimage"},"thumbnailUrl":"https:\/\/dixx.com.br\/wp-content\/uploads\/2025\/11\/fotocromatica.jpg","datePublished":"2025-11-15T21:36:25+00:00","dateModified":"2025-11-19T12:45:48+00:00","breadcrumb":{"@id":"https:\/\/dixx.com.br\/index.php\/2025\/11\/15\/lentes-fotocromaticas-os-oculos-que-se-transformam-com-a-luz\/#breadcrumb"},"inLanguage":"pt-BR","potentialAction":[{"@type":"ReadAction","target":["https:\/\/dixx.com.br\/index.php\/2025\/11\/15\/lentes-fotocromaticas-os-oculos-que-se-transformam-com-a-luz\/"]}]},{"@type":"ImageObject","inLanguage":"pt-BR","@id":"https:\/\/dixx.com.br\/index.php\/2025\/11\/15\/lentes-fotocromaticas-os-oculos-que-se-transformam-com-a-luz\/#primaryimage","url":"https:\/\/dixx.com.br\/wp-content\/uploads\/2025\/11\/fotocromatica.jpg","contentUrl":"https:\/\/dixx.com.br\/wp-content\/uploads\/2025\/11\/fotocromatica.jpg","width":1024,"height":1024},{"@type":"BreadcrumbList","@id":"https:\/\/dixx.com.br\/index.php\/2025\/11\/15\/lentes-fotocromaticas-os-oculos-que-se-transformam-com-a-luz\/#breadcrumb","itemListElement":[{"@type":"ListItem","position":1,"name":"In\u00edcio","item":"https:\/\/dixx.com.br\/"},{"@type":"ListItem","position":2,"name":"Lentes Fotocrom\u00e1ticas: Os \u00d3culos que se Transformam com a Luz!"}]},{"@type":"WebSite","@id":"https:\/\/dixx.com.br\/#website","url":"https:\/\/dixx.com.br\/","name":"Semijoias Dixx","description":"Descubra uma cole\u00e7\u00e3o exclusiva de semi-joias que combina luxo e acessibilidade. Nossas pe\u00e7as s\u00e3o meticulosamente banhadas a ouro 18k e confeccionadas em prata 925, garantindo durabilidade e beleza. Cada item \u00e9 um testemunho de eleg\u00e2ncia atemporal e sofistica\u00e7\u00e3o, ideal para complementar qualquer estilo, seja moderno ou tradicional. Com compromisso com a qualidade e o artesanato, oferecemos joias que voc\u00ea pode confiar.","publisher":{"@id":"https:\/\/dixx.com.br\/#organization"},"alternateName":"joias Dixx, Prata 925 e Ouro 18k","potentialAction":[{"@type":"SearchAction","target":{"@type":"EntryPoint","urlTemplate":"https:\/\/dixx.com.br\/?s={search_term_string}"},"query-input":{"@type":"PropertyValueSpecification","valueRequired":true,"valueName":"search_term_string"}}],"inLanguage":"pt-BR"},{"@type":["Organization","Place","JewelryStore"],"@id":"https:\/\/dixx.com.br\/#organization","name":"Semijoias Dixx","alternateName":"Joias Dixx","url":"https:\/\/dixx.com.br\/","logo":{"@id":"https:\/\/dixx.com.br\/index.php\/2025\/11\/15\/lentes-fotocromaticas-os-oculos-que-se-transformam-com-a-luz\/#local-main-organization-logo"},"image":{"@id":"https:\/\/dixx.com.br\/index.php\/2025\/11\/15\/lentes-fotocromaticas-os-oculos-que-se-transformam-com-a-luz\/#local-main-organization-logo"},"sameAs":["https:\/\/www.facebook.com\/dixxtaguatinga","https:\/\/www.instagram.com\/Semijoias_dixx"],"description":"Descubra uma cole\u00e7\u00e3o exclusiva de semi-joias que combina luxo e acessibilidade. Nossas pe\u00e7as s\u00e3o meticulosamente banhadas a ouro 18k e confeccionadas em prata 925, garantindo durabilidade e beleza. Cada item \u00e9 um testemunho de eleg\u00e2ncia atemporal e sofistica\u00e7\u00e3o, ideal para complementar qualquer estilo, seja moderno ou tradicional.","foundingDate":"2006-09-01","numberOfEmployees":{"@type":"QuantitativeValue","minValue":"1","maxValue":"10"},"publishingPrinciples":"https:\/\/dixx.com.br\/index.php\/refund_returns\/","ownershipFundingInfo":"https:\/\/dixx.com.br\/index.php\/contato\/","actionableFeedbackPolicy":"https:\/\/dixx.com.br\/index.php\/contato\/","correctionsPolicy":"https:\/\/dixx.com.br\/index.php\/contato\/","ethicsPolicy":"https:\/\/dixx.com.br\/index.php\/refund_returns\/","address":{"@id":"https:\/\/dixx.com.br\/index.php\/2025\/11\/15\/lentes-fotocromaticas-os-oculos-que-se-transformam-com-a-luz\/#local-main-place-address"},"geo":{"@type":"GeoCoordinates","latitude":"-15.835887640904977","longitude":"-48.06067428803497"},"telephone":["61991387437","61981004476"],"contactPoint":{"@type":"ContactPoint","telephone":"61991387437","email":"orlando@dixx.com.br"},"openingHoursSpecification":[{"@type":"OpeningHoursSpecification","dayOfWeek":["Sunday","Monday"],"opens":"00:00","closes":"00:00"},{"@type":"OpeningHoursSpecification","dayOfWeek":["Tuesday","Wednesday","Thursday","Friday","Saturday"],"opens":"09:00","closes":"17:00"}],"email":"contato@dixx.com.br","vatID":"08.346.053\/0001-70","taxID":"041.178.644-08","priceRange":"$$","currenciesAccepted":"Real-BR","paymentAccepted":"Cart\u00e3o de credito, D\u00e9bito, PIX e Dinheiro"},{"@type":"Person","@id":"https:\/\/dixx.com.br\/#\/schema\/person\/b7781f53d8d7b33bb32d102f4f7d486e","name":"Orlando Passos","image":{"@type":"ImageObject","inLanguage":"pt-BR","@id":"https:\/\/lh3.googleusercontent.com\/a\/ACg8ocK40l5HSkjR8J7r1mIJL6ysm9m2NHfDYZgjrNCEd1VYwVBBiQUZ=s96-c?sz=50","url":"https:\/\/lh3.googleusercontent.com\/a\/ACg8ocK40l5HSkjR8J7r1mIJL6ysm9m2NHfDYZgjrNCEd1VYwVBBiQUZ=s96-c?sz=50","contentUrl":"https:\/\/lh3.googleusercontent.com\/a\/ACg8ocK40l5HSkjR8J7r1mIJL6ysm9m2NHfDYZgjrNCEd1VYwVBBiQUZ=s96-c?sz=50","caption":"Orlando Passos"},"sameAs":["https:\/\/dixx.com.br"],"url":"https:\/\/dixx.com.br\/index.php\/author\/obporlando\/"},{"@type":"PostalAddress","@id":"https:\/\/dixx.com.br\/index.php\/2025\/11\/15\/lentes-fotocromaticas-os-oculos-que-se-transformam-com-a-luz\/#local-main-place-address","streetAddress":"\u00c1rea Especial 7, Feira dos Importados de Taguatinga, loja 117","addressLocality":"Bras\u00edlia","postalCode":"72016-131","addressRegion":"Distrito Federal","addressCountry":"BR"},{"@type":"ImageObject","inLanguage":"pt-BR","@id":"https:\/\/dixx.com.br\/index.php\/2025\/11\/15\/lentes-fotocromaticas-os-oculos-que-se-transformam-com-a-luz\/#local-main-organization-logo","url":"https:\/\/dixx.com.br\/wp-content\/uploads\/2024\/06\/cropped-LOGO-DIXX-OLD-e1718293516659.png","contentUrl":"https:\/\/dixx.com.br\/wp-content\/uploads\/2024\/06\/cropped-LOGO-DIXX-OLD-e1718293516659.png","width":149,"height":56,"caption":"Semijoias Dixx"}]},"geo.placename":"Bras\u00edlia","geo.position":{"lat":"-15.835887640904977","long":"-48.06067428803497"},"geo.region":"Brasil"},"author_meta":{"display_name":"Orlando Passos","author_link":"https:\/\/dixx.com.br\/index.php\/author\/obporlando\/"},"featured_img":"https:\/\/dixx.com.br\/wp-content\/uploads\/2025\/11\/fotocromatica-300x300.jpg","coauthors":[],"tax_additional":{"categories":{"linked":["<a href=\"https:\/\/dixx.com.br\/index.php\/category\/sem-categoria\/\" class=\"advgb-post-tax-term\">Sem categoria<\/a>"],"unlinked":["<span class=\"advgb-post-tax-term\">Sem categoria<\/span>"]},"tags":{"linked":["<a href=\"https:\/\/dixx.com.br\/index.php\/category\/sem-categoria\/\" class=\"advgb-post-tax-term\">Fotocrom\u00e1tico<\/a>","<a href=\"https:\/\/dixx.com.br\/index.php\/category\/sem-categoria\/\" class=\"advgb-post-tax-term\">Haytek<\/a>","<a href=\"https:\/\/dixx.com.br\/index.php\/category\/sem-categoria\/\" class=\"advgb-post-tax-term\">Lentes<\/a>","<a href=\"https:\/\/dixx.com.br\/index.php\/category\/sem-categoria\/\" class=\"advgb-post-tax-term\">Transition<\/a>"],"unlinked":["<span class=\"advgb-post-tax-term\">Fotocrom\u00e1tico<\/span>","<span class=\"advgb-post-tax-term\">Haytek<\/span>","<span class=\"advgb-post-tax-term\">Lentes<\/span>","<span class=\"advgb-post-tax-term\">Transition<\/span>"]}},"comment_count":"0","relative_dates":{"created":"Publicado 5 meses atr\u00e1s","modified":"Atualizado 5 meses atr\u00e1s"},"absolute_dates":{"created":"Publicado em 15 de novembro de 2025","modified":"Atualizado em 19 de novembro de 2025"},"absolute_dates_time":{"created":"Publicado em 15 de novembro de 2025 18:36","modified":"Atualizado em 19 de novembro de 2025 09:45"},"featured_img_caption":"","series_order":"","_links":{"self":[{"href":"https:\/\/dixx.com.br\/index.php\/wp-json\/wp\/v2\/posts\/26646","targetHints":{"allow":["GET"]}}],"collection":[{"href":"https:\/\/dixx.com.br\/index.php\/wp-json\/wp\/v2\/posts"}],"about":[{"href":"https:\/\/dixx.com.br\/index.php\/wp-json\/wp\/v2\/types\/post"}],"author":[{"embeddable":true,"href":"https:\/\/dixx.com.br\/index.php\/wp-json\/wp\/v2\/users\/1"}],"replies":[{"embeddable":true,"href":"https:\/\/dixx.com.br\/index.php\/wp-json\/wp\/v2\/comments?post=26646"}],"version-history":[{"count":1,"href":"https:\/\/dixx.com.br\/index.php\/wp-json\/wp\/v2\/posts\/26646\/revisions"}],"predecessor-version":[{"id":26647,"href":"https:\/\/dixx.com.br\/index.php\/wp-json\/wp\/v2\/posts\/26646\/revisions\/26647"}],"wp:featuredmedia":[{"embeddable":true,"href":"https:\/\/dixx.com.br\/index.php\/wp-json\/wp\/v2\/media\/26707"}],"wp:attachment":[{"href":"https:\/\/dixx.com.br\/index.php\/wp-json\/wp\/v2\/media?parent=26646"}],"wp:term":[{"taxonomy":"category","embeddable":true,"href":"https:\/\/dixx.com.br\/index.php\/wp-json\/wp\/v2\/categories?post=26646"},{"taxonomy":"post_tag","embeddable":true,"href":"https:\/\/dixx.com.br\/index.php\/wp-json\/wp\/v2\/tags?post=26646"}],"curies":[{"name":"wp","href":"https:\/\/api.w.org\/{rel}","templated":true}]}}