{"id":26662,"date":"2025-11-15T19:13:31","date_gmt":"2025-11-15T22:13:31","guid":{"rendered":"https:\/\/dixx.com.br\/?p=26662"},"modified":"2025-11-18T17:29:10","modified_gmt":"2025-11-18T20:29:10","slug":"oftalmologista-x-optometrista-entendendo-quem-e-quem-no-mundo-da-visao","status":"publish","type":"post","link":"https:\/\/dixx.com.br\/index.php\/2025\/11\/15\/oftalmologista-x-optometrista-entendendo-quem-e-quem-no-mundo-da-visao\/","title":{"rendered":"Oftalmologista x Optometrista: Entendendo Quem \u00e9 Quem no Mundo da Vis\u00e3o"},"content":{"rendered":"\n<p>Voc\u00ea j\u00e1 ficou na d\u00favida sobre qual profissional procurar para cuidar da sa\u00fade dos seus olhos? Oftalmologista ou optometrista? A verdade \u00e9 que ambos s\u00e3o importantes, mas atuam de formas diferentes e complementares. Vamos desvendar juntos esse mist\u00e9rio!<\/p>\n\n\n\n<hr class=\"wp-block-separator has-alpha-channel-opacity\"\/>\n\n\n\n<h3 class=\"wp-block-heading\" id=\"h-o-oftalmologista-o-medico-dos-olhos\">\ud83e\ude7a <strong>O Oftalmologista: O M\u00e9dico dos Olhos<\/strong><\/h3>\n\n\n\n<h4 class=\"wp-block-heading\" id=\"h-o-que-faz\">O Que Faz?<\/h4>\n\n\n\n<ul class=\"wp-block-list\">\n<li>\u00c9 um <strong>m\u00e9dico<\/strong> formado em Medicina + especializa\u00e7\u00e3o em Oftalmologia<\/li>\n\n\n\n<li>Diagnostica e trata <strong>doen\u00e7as oculares<\/strong><\/li>\n\n\n\n<li>Realiza <strong>cirurgias<\/strong> nos olhos<\/li>\n\n\n\n<li>Prescreve <strong>medicamentos<\/strong><\/li>\n\n\n\n<li>Atende <strong>emerg\u00eancias<\/strong> oculares<\/li>\n<\/ul>\n\n\n\n<h4 class=\"wp-block-heading\" id=\"h-pontos-altos\">Pontos Altos:<\/h4>\n\n\n\n<p>\u2705 <strong>Forma\u00e7\u00e3o m\u00e9dica completa<\/strong> &#8211; 6 anos de Medicina + 3-4 anos de resid\u00eancia<br>\u2705 <strong>Pode diagnosticar todas as doen\u00e7as oculares<\/strong> &#8211; catarata, glaucoma, retinopatia diab\u00e9tica<br>\u2705 <strong>Realiza procedimentos cir\u00fargicos<\/strong> &#8211; desde cirurgia de catarata at\u00e9 transplantes<br>\u2705 <strong>Prescreve tratamentos medicamentosos<\/strong> &#8211; col\u00edrios, pomadas, comprimidos<br>\u2705 <strong>Atende condi\u00e7\u00f5es sist\u00eamicas<\/strong> que afetam os olhos &#8211; diabetes, hipertens\u00e3o<\/p>\n\n\n\n<h4 class=\"wp-block-heading\" id=\"h-quando-procurar\">Quando Procurar?<\/h4>\n\n\n\n<ul class=\"wp-block-list\">\n<li>\ud83d\udea8 Dor ocular intensa<\/li>\n\n\n\n<li>\ud83d\udea8 Perda s\u00fabita de vis\u00e3o<\/li>\n\n\n\n<li>\ud83d\udea8 Suspeita de doen\u00e7as oculares<\/li>\n\n\n\n<li>\ud83d\udea8 Necessidade de cirurgia<\/li>\n\n\n\n<li>\ud83d\udea8 Prescri\u00e7\u00e3o de medicamentos<\/li>\n<\/ul>\n\n\n\n<hr class=\"wp-block-separator has-alpha-channel-opacity\"\/>\n\n\n\n<h3 class=\"wp-block-heading\" id=\"h-o-optometrista-o-especialista-em-medicao-e-correcao-visual\">\ud83d\udc53 <strong>O Optometrista: O Especialista em Medi\u00e7\u00e3o e Corre\u00e7\u00e3o Visual<\/strong><\/h3>\n\n\n\n<h4 class=\"wp-block-heading\" id=\"h-o-que-faz-0\">O Que Faz?<\/h4>\n\n\n\n<ul class=\"wp-block-list\">\n<li>\u00c9 um <strong>profissional da sa\u00fade visual<\/strong> com forma\u00e7\u00e3o espec\u00edfica em Optometria<\/li>\n\n\n\n<li>Realiza <strong>exames de refra\u00e7\u00e3o<\/strong> (mede grau para \u00f3culos)<\/li>\n\n\n\n<li>Prescreve <strong>\u00f3culos e lentes de contato<\/strong><\/li>\n\n\n\n<li>Faz <strong>adapta\u00e7\u00e3o de lentes<\/strong> de contato<\/li>\n\n\n\n<li>Desenvolve <strong>programas de terapia visual<\/strong><\/li>\n<\/ul>\n\n\n\n<h4 class=\"wp-block-heading\" id=\"h-pontos-altos-0\">Pontos Altos:<\/h4>\n\n\n\n<p>\u2705 <strong>Especialista em medi\u00e7\u00e3o precisa<\/strong> de graus para \u00f3culos<br>\u2705 <strong>Conhecimento aprofundado<\/strong> em lentes oft\u00e1lmicas e arma\u00e7\u00f5es<br>\u2705 <strong>Habilidade em adapta\u00e7\u00e3o<\/strong> de lentes de contato complexas<br>\u2705 <strong>Acesso mais f\u00e1cil<\/strong> e r\u00e1pido para exames de rotina<br>\u2705 <strong>Foco em preven\u00e7\u00e3o<\/strong> e sa\u00fade visual prim\u00e1ria<\/p>\n\n\n\n<h4 class=\"wp-block-heading\" id=\"h-quando-procurar-0\">Quando Procurar?<\/h4>\n\n\n\n<ul class=\"wp-block-list\">\n<li>\ud83d\udccb Atualiza\u00e7\u00e3o do grau dos \u00f3culos<\/li>\n\n\n\n<li>\ud83d\udccb Adapta\u00e7\u00e3o de lentes de contato<\/li>\n\n\n\n<li>\ud83d\udccb Problemas de vis\u00e3o binocular<\/li>\n\n\n\n<li>\ud83d\udccb Terapia visual<\/li>\n\n\n\n<li>\ud83d\udccb Orienta\u00e7\u00e3o sobre prote\u00e7\u00e3o visual no trabalho<\/li>\n<\/ul>\n\n\n\n<hr class=\"wp-block-separator has-alpha-channel-opacity\"\/>\n\n\n\n<h3 class=\"wp-block-heading\" id=\"h-trabalho-em-equipe-a-combinacao-perfeita\">\ud83e\udd1d <strong>Trabalho em Equipe: A Combina\u00e7\u00e3o Perfeita<\/strong><\/h3>\n\n\n\n<p><strong>Cen\u00e1rio ideal<\/strong>:<br>O optometrista faz o <strong>rastreamento inicial<\/strong> e encaminha para o oftalmologista quando detecta algo al\u00e9m da corre\u00e7\u00e3o visual. Juntos, formam uma <strong>equipe completa<\/strong> para sua sa\u00fade ocular!<\/p>\n\n\n\n<h4 class=\"wp-block-heading\" id=\"h-exemplo-pratico\">Exemplo Pr\u00e1tico:<\/h4>\n\n\n\n<ol class=\"wp-block-list\">\n<li>\ud83c\udfaf <strong>Optometrista<\/strong> detecta uma press\u00e3o ocular elevada durante exame de rotina<\/li>\n\n\n\n<li>\ud83d\udd04 <strong>Encaminha<\/strong> imediatamente para o oftalmologista<\/li>\n\n\n\n<li>\ud83e\ude7a <strong>Oftalmologista<\/strong> confirma diagn\u00f3stico de glaucoma e inicia tratamento<\/li>\n\n\n\n<li>\ud83d\udc53 <strong>Optometrista<\/strong> ajusta o grau dos \u00f3culos considerando a medica\u00e7\u00e3o<\/li>\n<\/ol>\n\n\n\n<hr class=\"wp-block-separator has-alpha-channel-opacity\"\/>\n\n\n\n<h3 class=\"wp-block-heading\" id=\"h-tabela-comparativa-rapida\">\ud83d\udcca <strong>Tabela Comparativa R\u00e1pida<\/strong><\/h3>\n\n\n\n<figure class=\"wp-block-table\"><table class=\"has-fixed-layout\"><thead><tr><th>Caracter\u00edstica<\/th><th>Oftalmologista<\/th><th>Optometrista<\/th><\/tr><\/thead><tbody><tr><td>Forma\u00e7\u00e3o<\/td><td>Medicina + Resid\u00eancia<\/td><td>Gradua\u00e7\u00e3o em Optometria<\/td><\/tr><tr><td>Pode receitar medicamentos<\/td><td>\u2705 Sim<\/td><td>\u274c N\u00e3o<\/td><\/tr><tr><td>Realiza cirurgias<\/td><td>\u2705 Sim<\/td><td>\u274c N\u00e3o<\/td><\/tr><tr><td>Faz exames de grau<\/td><td>\u2705 Sim<\/td><td>\u2705 Sim<\/td><\/tr><tr><td>Adapta lentes de contato<\/td><td>\u2705 Sim<\/td><td>\u2705 Sim<\/td><\/tr><tr><td>Custo da consulta<\/td><td>Geralmente mais alto<\/td><td>Geralmente mais acess\u00edvel<\/td><\/tr><\/tbody><\/table><\/figure>\n\n\n\n<hr class=\"wp-block-separator has-alpha-channel-opacity\"\/>\n\n\n\n<h3 class=\"wp-block-heading\" id=\"h-respeitando-as-especialidades\">\ud83c\udf1f <strong>Respeitando as Especialidades<\/strong><\/h3>\n\n\n\n<p><strong>Nenhum \u00e9 &#8220;melhor&#8221; que o outro<\/strong> &#8211; s\u00e3o <strong>complementares<\/strong>! Assim como voc\u00ea precisa do cardiologista e do educador f\u00edsico para cuidar do cora\u00e7\u00e3o, precisa do oftalmologista E do optometrista para cuidar da vis\u00e3o.<\/p>\n\n\n\n<hr class=\"wp-block-separator has-alpha-channel-opacity\"\/>\n\n\n\n<h3 class=\"wp-block-heading\" id=\"h-dicas-para-escolher\">\ud83d\udca1 <strong>Dicas para Escolher<\/strong><\/h3>\n\n\n\n<ul class=\"wp-block-list\">\n<li><strong>Para rotina anual de grau<\/strong>: Optometrista<\/li>\n\n\n\n<li><strong>Para suspeita de doen\u00e7as<\/strong>: Oftalmologista<\/li>\n\n\n\n<li><strong>Para lentes de contato<\/strong>: Ambos (dependendo da complexidade)<\/li>\n\n\n\n<li><strong>Para emerg\u00eancias<\/strong>: Oftalmologista<\/li>\n\n\n\n<li><strong>Para terapia visual<\/strong>: Optometrista<\/li>\n<\/ul>\n\n\n\n<hr class=\"wp-block-separator has-alpha-channel-opacity\"\/>\n\n\n\n<p><strong>N\u00e3o \u00e9 competi\u00e7\u00e3o &#8211; \u00e9 colabora\u00e7\u00e3o!<\/strong><br><em>Ambos os profissionais querem o mesmo: que voc\u00ea enxergue bem e tenha olhos saud\u00e1veis por muitos anos! \ud83d\udc41\ufe0f\ud83d\udc99<\/em><\/p>\n\n\n\n<p><strong>Na d\u00favida, comece pelo optometrista para exames de rotina e ele saber\u00e1 encaminhar ao oftalmologista se necess\u00e1rio!<\/strong><\/p>\n\n\n\n<p><strong>Porque cuidar da vis\u00e3o \u00e9 investir na qualidade de vida &#8211; e com a equipe certa, voc\u00ea est\u00e1 bem protegido!<\/strong> \ud83c\udf1f<\/p>\n","protected":false},"excerpt":{"rendered":"<p>Voc\u00ea j\u00e1 ficou na d\u00favida sobre qual profissional procurar para cuidar da sa\u00fade dos seus olhos? Oftalmologista ou optometrista? A verdade \u00e9 que ambos s\u00e3o importantes, mas atuam de formas diferentes e complementares. Vamos desvendar juntos esse mist\u00e9rio! \ud83e\ude7a O Oftalmologista: O M\u00e9dico dos Olhos&hellip;<\/p>\n","protected":false},"author":1,"featured_media":26692,"comment_status":"open","ping_status":"open","sticky":false,"template":"","format":"standard","meta":{"advgb_blocks_editor_width":"","advgb_blocks_columns_visual_guide":"","footnotes":""},"categories":[1],"tags":[2883,2881,2882],"class_list":["post-26662","post","type-post","status-publish","format-standard","has-post-thumbnail","hentry","category-sem-categoria","tag-exames","tag-oftalmologista","tag-optometrista"],"yoast_head":"<!-- This site is optimized with the Yoast SEO Premium plugin v22.8 (Yoast SEO v27.4) - https:\/\/yoast.com\/product\/yoast-seo-premium-wordpress\/ -->\n<title>Oftalmologista x Optometrista: Entendendo Quem \u00e9 Quem no Mundo da Vis\u00e3o - Lojas Dixx<\/title>\n<meta name=\"robots\" content=\"index, follow, max-snippet:-1, max-image-preview:large, max-video-preview:-1\" \/>\n<link rel=\"canonical\" href=\"https:\/\/dixx.com.br\/index.php\/2025\/11\/15\/oftalmologista-x-optometrista-entendendo-quem-e-quem-no-mundo-da-visao\/\" \/>\n<meta property=\"og:locale\" content=\"pt_BR\" \/>\n<meta property=\"og:type\" content=\"article\" \/>\n<meta property=\"og:title\" content=\"Oftalmologista x Optometrista: Entendendo Quem \u00e9 Quem no Mundo da Vis\u00e3o\" \/>\n<meta property=\"og:description\" content=\"Voc\u00ea j\u00e1 ficou na d\u00favida sobre qual profissional procurar para cuidar da sa\u00fade dos seus olhos? Oftalmologista ou optometrista? A verdade \u00e9 que ambos s\u00e3o importantes, mas atuam de formas diferentes e complementares. Vamos desvendar juntos esse mist\u00e9rio! \ud83e\ude7a O Oftalmologista: O M\u00e9dico dos Olhos&hellip;\" \/>\n<meta property=\"og:url\" content=\"https:\/\/dixx.com.br\/index.php\/2025\/11\/15\/oftalmologista-x-optometrista-entendendo-quem-e-quem-no-mundo-da-visao\/\" \/>\n<meta property=\"og:site_name\" content=\"Lojas Dixx\" \/>\n<meta property=\"article:publisher\" content=\"https:\/\/www.facebook.com\/dixxtaguatinga\" \/>\n<meta property=\"article:published_time\" content=\"2025-11-15T22:13:31+00:00\" \/>\n<meta property=\"article:modified_time\" content=\"2025-11-18T20:29:10+00:00\" \/>\n<meta property=\"og:image\" content=\"https:\/\/dixx.com.br\/wp-content\/uploads\/2025\/11\/opt-oft-1.jpg\" \/>\n\t<meta property=\"og:image:width\" content=\"1024\" \/>\n\t<meta property=\"og:image:height\" content=\"639\" \/>\n\t<meta property=\"og:image:type\" content=\"image\/jpeg\" \/>\n<meta name=\"author\" content=\"Orlando Passos\" \/>\n<meta name=\"twitter:card\" content=\"summary_large_image\" \/>\n<meta name=\"twitter:label1\" content=\"Escrito por\" \/>\n\t<meta name=\"twitter:data1\" content=\"Orlando Passos\" \/>\n\t<meta name=\"twitter:label2\" content=\"Est. tempo de leitura\" \/>\n\t<meta name=\"twitter:data2\" content=\"4 minutos\" \/>\n<script type=\"application\/ld+json\" class=\"yoast-schema-graph\">{\"@context\":\"https:\\\/\\\/schema.org\",\"@graph\":[{\"@type\":\"Article\",\"@id\":\"https:\\\/\\\/dixx.com.br\\\/index.php\\\/2025\\\/11\\\/15\\\/oftalmologista-x-optometrista-entendendo-quem-e-quem-no-mundo-da-visao\\\/#article\",\"isPartOf\":{\"@id\":\"https:\\\/\\\/dixx.com.br\\\/index.php\\\/2025\\\/11\\\/15\\\/oftalmologista-x-optometrista-entendendo-quem-e-quem-no-mundo-da-visao\\\/\"},\"author\":{\"name\":\"Orlando Passos\",\"@id\":\"https:\\\/\\\/dixx.com.br\\\/#\\\/schema\\\/person\\\/b7781f53d8d7b33bb32d102f4f7d486e\"},\"headline\":\"Oftalmologista x Optometrista: Entendendo Quem \u00e9 Quem no Mundo da Vis\u00e3o\",\"datePublished\":\"2025-11-15T22:13:31+00:00\",\"dateModified\":\"2025-11-18T20:29:10+00:00\",\"mainEntityOfPage\":{\"@id\":\"https:\\\/\\\/dixx.com.br\\\/index.php\\\/2025\\\/11\\\/15\\\/oftalmologista-x-optometrista-entendendo-quem-e-quem-no-mundo-da-visao\\\/\"},\"wordCount\":567,\"commentCount\":0,\"publisher\":{\"@id\":\"https:\\\/\\\/dixx.com.br\\\/#organization\"},\"image\":{\"@id\":\"https:\\\/\\\/dixx.com.br\\\/index.php\\\/2025\\\/11\\\/15\\\/oftalmologista-x-optometrista-entendendo-quem-e-quem-no-mundo-da-visao\\\/#primaryimage\"},\"thumbnailUrl\":\"https:\\\/\\\/dixx.com.br\\\/wp-content\\\/uploads\\\/2025\\\/11\\\/opt-oft-1.jpg\",\"keywords\":[\"Exames\",\"Oftalmologista\",\"Optometrista\"],\"inLanguage\":\"pt-BR\",\"potentialAction\":[{\"@type\":\"CommentAction\",\"name\":\"Comment\",\"target\":[\"https:\\\/\\\/dixx.com.br\\\/index.php\\\/2025\\\/11\\\/15\\\/oftalmologista-x-optometrista-entendendo-quem-e-quem-no-mundo-da-visao\\\/#respond\"]}]},{\"@type\":\"WebPage\",\"@id\":\"https:\\\/\\\/dixx.com.br\\\/index.php\\\/2025\\\/11\\\/15\\\/oftalmologista-x-optometrista-entendendo-quem-e-quem-no-mundo-da-visao\\\/\",\"url\":\"https:\\\/\\\/dixx.com.br\\\/index.php\\\/2025\\\/11\\\/15\\\/oftalmologista-x-optometrista-entendendo-quem-e-quem-no-mundo-da-visao\\\/\",\"name\":\"Oftalmologista x Optometrista: Entendendo Quem \u00e9 Quem no Mundo da Vis\u00e3o - Lojas Dixx\",\"isPartOf\":{\"@id\":\"https:\\\/\\\/dixx.com.br\\\/#website\"},\"primaryImageOfPage\":{\"@id\":\"https:\\\/\\\/dixx.com.br\\\/index.php\\\/2025\\\/11\\\/15\\\/oftalmologista-x-optometrista-entendendo-quem-e-quem-no-mundo-da-visao\\\/#primaryimage\"},\"image\":{\"@id\":\"https:\\\/\\\/dixx.com.br\\\/index.php\\\/2025\\\/11\\\/15\\\/oftalmologista-x-optometrista-entendendo-quem-e-quem-no-mundo-da-visao\\\/#primaryimage\"},\"thumbnailUrl\":\"https:\\\/\\\/dixx.com.br\\\/wp-content\\\/uploads\\\/2025\\\/11\\\/opt-oft-1.jpg\",\"datePublished\":\"2025-11-15T22:13:31+00:00\",\"dateModified\":\"2025-11-18T20:29:10+00:00\",\"breadcrumb\":{\"@id\":\"https:\\\/\\\/dixx.com.br\\\/index.php\\\/2025\\\/11\\\/15\\\/oftalmologista-x-optometrista-entendendo-quem-e-quem-no-mundo-da-visao\\\/#breadcrumb\"},\"inLanguage\":\"pt-BR\",\"potentialAction\":[{\"@type\":\"ReadAction\",\"target\":[\"https:\\\/\\\/dixx.com.br\\\/index.php\\\/2025\\\/11\\\/15\\\/oftalmologista-x-optometrista-entendendo-quem-e-quem-no-mundo-da-visao\\\/\"]}]},{\"@type\":\"ImageObject\",\"inLanguage\":\"pt-BR\",\"@id\":\"https:\\\/\\\/dixx.com.br\\\/index.php\\\/2025\\\/11\\\/15\\\/oftalmologista-x-optometrista-entendendo-quem-e-quem-no-mundo-da-visao\\\/#primaryimage\",\"url\":\"https:\\\/\\\/dixx.com.br\\\/wp-content\\\/uploads\\\/2025\\\/11\\\/opt-oft-1.jpg\",\"contentUrl\":\"https:\\\/\\\/dixx.com.br\\\/wp-content\\\/uploads\\\/2025\\\/11\\\/opt-oft-1.jpg\",\"width\":1024,\"height\":639},{\"@type\":\"BreadcrumbList\",\"@id\":\"https:\\\/\\\/dixx.com.br\\\/index.php\\\/2025\\\/11\\\/15\\\/oftalmologista-x-optometrista-entendendo-quem-e-quem-no-mundo-da-visao\\\/#breadcrumb\",\"itemListElement\":[{\"@type\":\"ListItem\",\"position\":1,\"name\":\"In\u00edcio\",\"item\":\"https:\\\/\\\/dixx.com.br\\\/\"},{\"@type\":\"ListItem\",\"position\":2,\"name\":\"Oftalmologista x Optometrista: Entendendo Quem \u00e9 Quem no Mundo da Vis\u00e3o\"}]},{\"@type\":\"WebSite\",\"@id\":\"https:\\\/\\\/dixx.com.br\\\/#website\",\"url\":\"https:\\\/\\\/dixx.com.br\\\/\",\"name\":\"Semijoias Dixx\",\"description\":\"Descubra uma cole\u00e7\u00e3o exclusiva de semi-joias que combina luxo e acessibilidade. Nossas pe\u00e7as s\u00e3o meticulosamente banhadas a ouro 18k e confeccionadas em prata 925, garantindo durabilidade e beleza. Cada item \u00e9 um testemunho de eleg\u00e2ncia atemporal e sofistica\u00e7\u00e3o, ideal para complementar qualquer estilo, seja moderno ou tradicional. Com compromisso com a qualidade e o artesanato, oferecemos joias que voc\u00ea pode confiar.\",\"publisher\":{\"@id\":\"https:\\\/\\\/dixx.com.br\\\/#organization\"},\"alternateName\":\"joias Dixx, Prata 925 e Ouro 18k\",\"potentialAction\":[{\"@type\":\"SearchAction\",\"target\":{\"@type\":\"EntryPoint\",\"urlTemplate\":\"https:\\\/\\\/dixx.com.br\\\/?s={search_term_string}\"},\"query-input\":{\"@type\":\"PropertyValueSpecification\",\"valueRequired\":true,\"valueName\":\"search_term_string\"}}],\"inLanguage\":\"pt-BR\"},{\"@type\":[\"Organization\",\"Place\",\"JewelryStore\"],\"@id\":\"https:\\\/\\\/dixx.com.br\\\/#organization\",\"name\":\"Semijoias Dixx\",\"alternateName\":\"Joias Dixx\",\"url\":\"https:\\\/\\\/dixx.com.br\\\/\",\"logo\":{\"@id\":\"https:\\\/\\\/dixx.com.br\\\/index.php\\\/2025\\\/11\\\/15\\\/oftalmologista-x-optometrista-entendendo-quem-e-quem-no-mundo-da-visao\\\/#local-main-organization-logo\"},\"image\":{\"@id\":\"https:\\\/\\\/dixx.com.br\\\/index.php\\\/2025\\\/11\\\/15\\\/oftalmologista-x-optometrista-entendendo-quem-e-quem-no-mundo-da-visao\\\/#local-main-organization-logo\"},\"sameAs\":[\"https:\\\/\\\/www.facebook.com\\\/dixxtaguatinga\",\"https:\\\/\\\/www.instagram.com\\\/Semijoias_dixx\"],\"description\":\"Descubra uma cole\u00e7\u00e3o exclusiva de semi-joias que combina luxo e acessibilidade. Nossas pe\u00e7as s\u00e3o meticulosamente banhadas a ouro 18k e confeccionadas em prata 925, garantindo durabilidade e beleza. Cada item \u00e9 um testemunho de eleg\u00e2ncia atemporal e sofistica\u00e7\u00e3o, ideal para complementar qualquer estilo, seja moderno ou tradicional.\",\"foundingDate\":\"2006-09-01\",\"numberOfEmployees\":{\"@type\":\"QuantitativeValue\",\"minValue\":\"1\",\"maxValue\":\"10\"},\"publishingPrinciples\":\"https:\\\/\\\/dixx.com.br\\\/index.php\\\/refund_returns\\\/\",\"ownershipFundingInfo\":\"https:\\\/\\\/dixx.com.br\\\/index.php\\\/contato\\\/\",\"actionableFeedbackPolicy\":\"https:\\\/\\\/dixx.com.br\\\/index.php\\\/contato\\\/\",\"correctionsPolicy\":\"https:\\\/\\\/dixx.com.br\\\/index.php\\\/contato\\\/\",\"ethicsPolicy\":\"https:\\\/\\\/dixx.com.br\\\/index.php\\\/refund_returns\\\/\",\"address\":{\"@id\":\"https:\\\/\\\/dixx.com.br\\\/index.php\\\/2025\\\/11\\\/15\\\/oftalmologista-x-optometrista-entendendo-quem-e-quem-no-mundo-da-visao\\\/#local-main-place-address\"},\"geo\":{\"@type\":\"GeoCoordinates\",\"latitude\":\"-15.835887640904977\",\"longitude\":\"-48.06067428803497\"},\"telephone\":[\"61991387437\",\"61981004476\"],\"contactPoint\":{\"@type\":\"ContactPoint\",\"telephone\":\"61991387437\",\"email\":\"orlando@dixx.com.br\"},\"openingHoursSpecification\":[{\"@type\":\"OpeningHoursSpecification\",\"dayOfWeek\":[\"Sunday\",\"Monday\"],\"opens\":\"00:00\",\"closes\":\"00:00\"},{\"@type\":\"OpeningHoursSpecification\",\"dayOfWeek\":[\"Tuesday\",\"Wednesday\",\"Thursday\",\"Friday\",\"Saturday\"],\"opens\":\"09:00\",\"closes\":\"17:00\"}],\"email\":\"contato@dixx.com.br\",\"vatID\":\"08.346.053\\\/0001-70\",\"taxID\":\"041.178.644-08\",\"priceRange\":\"$$\",\"currenciesAccepted\":\"Real-BR\",\"paymentAccepted\":\"Cart\u00e3o de credito, D\u00e9bito, PIX e Dinheiro\"},{\"@type\":\"Person\",\"@id\":\"https:\\\/\\\/dixx.com.br\\\/#\\\/schema\\\/person\\\/b7781f53d8d7b33bb32d102f4f7d486e\",\"name\":\"Orlando Passos\",\"image\":{\"@type\":\"ImageObject\",\"inLanguage\":\"pt-BR\",\"@id\":\"https:\\\/\\\/lh3.googleusercontent.com\\\/a\\\/ACg8ocK40l5HSkjR8J7r1mIJL6ysm9m2NHfDYZgjrNCEd1VYwVBBiQUZ=s96-c?sz=50\",\"url\":\"https:\\\/\\\/lh3.googleusercontent.com\\\/a\\\/ACg8ocK40l5HSkjR8J7r1mIJL6ysm9m2NHfDYZgjrNCEd1VYwVBBiQUZ=s96-c?sz=50\",\"contentUrl\":\"https:\\\/\\\/lh3.googleusercontent.com\\\/a\\\/ACg8ocK40l5HSkjR8J7r1mIJL6ysm9m2NHfDYZgjrNCEd1VYwVBBiQUZ=s96-c?sz=50\",\"caption\":\"Orlando Passos\"},\"sameAs\":[\"https:\\\/\\\/dixx.com.br\"],\"url\":\"https:\\\/\\\/dixx.com.br\\\/index.php\\\/author\\\/obporlando\\\/\"},{\"@type\":\"PostalAddress\",\"@id\":\"https:\\\/\\\/dixx.com.br\\\/index.php\\\/2025\\\/11\\\/15\\\/oftalmologista-x-optometrista-entendendo-quem-e-quem-no-mundo-da-visao\\\/#local-main-place-address\",\"streetAddress\":\"\u00c1rea Especial 7, Feira dos Importados de Taguatinga, loja 117\",\"addressLocality\":\"Bras\u00edlia\",\"postalCode\":\"72016-131\",\"addressRegion\":\"Distrito Federal\",\"addressCountry\":\"BR\"},{\"@type\":\"ImageObject\",\"inLanguage\":\"pt-BR\",\"@id\":\"https:\\\/\\\/dixx.com.br\\\/index.php\\\/2025\\\/11\\\/15\\\/oftalmologista-x-optometrista-entendendo-quem-e-quem-no-mundo-da-visao\\\/#local-main-organization-logo\",\"url\":\"https:\\\/\\\/dixx.com.br\\\/wp-content\\\/uploads\\\/2024\\\/06\\\/cropped-LOGO-DIXX-OLD-e1718293516659.png\",\"contentUrl\":\"https:\\\/\\\/dixx.com.br\\\/wp-content\\\/uploads\\\/2024\\\/06\\\/cropped-LOGO-DIXX-OLD-e1718293516659.png\",\"width\":149,\"height\":56,\"caption\":\"Semijoias Dixx\"}]}<\/script>\n<meta name=\"geo.placename\" content=\"Bras\u00edlia\" \/>\n<meta name=\"geo.position\" content=\"-15.835887640904977;-48.06067428803497\" \/>\n<meta name=\"geo.region\" content=\"Brasil\" \/>\n<!-- \/ Yoast SEO Premium plugin. -->","yoast_head_json":{"title":"Oftalmologista x Optometrista: Entendendo Quem \u00e9 Quem no Mundo da Vis\u00e3o - Lojas Dixx","robots":{"index":"index","follow":"follow","max-snippet":"max-snippet:-1","max-image-preview":"max-image-preview:large","max-video-preview":"max-video-preview:-1"},"canonical":"https:\/\/dixx.com.br\/index.php\/2025\/11\/15\/oftalmologista-x-optometrista-entendendo-quem-e-quem-no-mundo-da-visao\/","og_locale":"pt_BR","og_type":"article","og_title":"Oftalmologista x Optometrista: Entendendo Quem \u00e9 Quem no Mundo da Vis\u00e3o","og_description":"Voc\u00ea j\u00e1 ficou na d\u00favida sobre qual profissional procurar para cuidar da sa\u00fade dos seus olhos? Oftalmologista ou optometrista? A verdade \u00e9 que ambos s\u00e3o importantes, mas atuam de formas diferentes e complementares. Vamos desvendar juntos esse mist\u00e9rio! \ud83e\ude7a O Oftalmologista: O M\u00e9dico dos Olhos&hellip;","og_url":"https:\/\/dixx.com.br\/index.php\/2025\/11\/15\/oftalmologista-x-optometrista-entendendo-quem-e-quem-no-mundo-da-visao\/","og_site_name":"Lojas Dixx","article_publisher":"https:\/\/www.facebook.com\/dixxtaguatinga","article_published_time":"2025-11-15T22:13:31+00:00","article_modified_time":"2025-11-18T20:29:10+00:00","og_image":[{"width":1024,"height":639,"url":"https:\/\/dixx.com.br\/wp-content\/uploads\/2025\/11\/opt-oft-1.jpg","type":"image\/jpeg"}],"author":"Orlando Passos","twitter_card":"summary_large_image","twitter_misc":{"Escrito por":"Orlando Passos","Est. tempo de leitura":"4 minutos"},"schema":{"@context":"https:\/\/schema.org","@graph":[{"@type":"Article","@id":"https:\/\/dixx.com.br\/index.php\/2025\/11\/15\/oftalmologista-x-optometrista-entendendo-quem-e-quem-no-mundo-da-visao\/#article","isPartOf":{"@id":"https:\/\/dixx.com.br\/index.php\/2025\/11\/15\/oftalmologista-x-optometrista-entendendo-quem-e-quem-no-mundo-da-visao\/"},"author":{"name":"Orlando Passos","@id":"https:\/\/dixx.com.br\/#\/schema\/person\/b7781f53d8d7b33bb32d102f4f7d486e"},"headline":"Oftalmologista x Optometrista: Entendendo Quem \u00e9 Quem no Mundo da Vis\u00e3o","datePublished":"2025-11-15T22:13:31+00:00","dateModified":"2025-11-18T20:29:10+00:00","mainEntityOfPage":{"@id":"https:\/\/dixx.com.br\/index.php\/2025\/11\/15\/oftalmologista-x-optometrista-entendendo-quem-e-quem-no-mundo-da-visao\/"},"wordCount":567,"commentCount":0,"publisher":{"@id":"https:\/\/dixx.com.br\/#organization"},"image":{"@id":"https:\/\/dixx.com.br\/index.php\/2025\/11\/15\/oftalmologista-x-optometrista-entendendo-quem-e-quem-no-mundo-da-visao\/#primaryimage"},"thumbnailUrl":"https:\/\/dixx.com.br\/wp-content\/uploads\/2025\/11\/opt-oft-1.jpg","keywords":["Exames","Oftalmologista","Optometrista"],"inLanguage":"pt-BR","potentialAction":[{"@type":"CommentAction","name":"Comment","target":["https:\/\/dixx.com.br\/index.php\/2025\/11\/15\/oftalmologista-x-optometrista-entendendo-quem-e-quem-no-mundo-da-visao\/#respond"]}]},{"@type":"WebPage","@id":"https:\/\/dixx.com.br\/index.php\/2025\/11\/15\/oftalmologista-x-optometrista-entendendo-quem-e-quem-no-mundo-da-visao\/","url":"https:\/\/dixx.com.br\/index.php\/2025\/11\/15\/oftalmologista-x-optometrista-entendendo-quem-e-quem-no-mundo-da-visao\/","name":"Oftalmologista x Optometrista: Entendendo Quem \u00e9 Quem no Mundo da Vis\u00e3o - Lojas Dixx","isPartOf":{"@id":"https:\/\/dixx.com.br\/#website"},"primaryImageOfPage":{"@id":"https:\/\/dixx.com.br\/index.php\/2025\/11\/15\/oftalmologista-x-optometrista-entendendo-quem-e-quem-no-mundo-da-visao\/#primaryimage"},"image":{"@id":"https:\/\/dixx.com.br\/index.php\/2025\/11\/15\/oftalmologista-x-optometrista-entendendo-quem-e-quem-no-mundo-da-visao\/#primaryimage"},"thumbnailUrl":"https:\/\/dixx.com.br\/wp-content\/uploads\/2025\/11\/opt-oft-1.jpg","datePublished":"2025-11-15T22:13:31+00:00","dateModified":"2025-11-18T20:29:10+00:00","breadcrumb":{"@id":"https:\/\/dixx.com.br\/index.php\/2025\/11\/15\/oftalmologista-x-optometrista-entendendo-quem-e-quem-no-mundo-da-visao\/#breadcrumb"},"inLanguage":"pt-BR","potentialAction":[{"@type":"ReadAction","target":["https:\/\/dixx.com.br\/index.php\/2025\/11\/15\/oftalmologista-x-optometrista-entendendo-quem-e-quem-no-mundo-da-visao\/"]}]},{"@type":"ImageObject","inLanguage":"pt-BR","@id":"https:\/\/dixx.com.br\/index.php\/2025\/11\/15\/oftalmologista-x-optometrista-entendendo-quem-e-quem-no-mundo-da-visao\/#primaryimage","url":"https:\/\/dixx.com.br\/wp-content\/uploads\/2025\/11\/opt-oft-1.jpg","contentUrl":"https:\/\/dixx.com.br\/wp-content\/uploads\/2025\/11\/opt-oft-1.jpg","width":1024,"height":639},{"@type":"BreadcrumbList","@id":"https:\/\/dixx.com.br\/index.php\/2025\/11\/15\/oftalmologista-x-optometrista-entendendo-quem-e-quem-no-mundo-da-visao\/#breadcrumb","itemListElement":[{"@type":"ListItem","position":1,"name":"In\u00edcio","item":"https:\/\/dixx.com.br\/"},{"@type":"ListItem","position":2,"name":"Oftalmologista x Optometrista: Entendendo Quem \u00e9 Quem no Mundo da Vis\u00e3o"}]},{"@type":"WebSite","@id":"https:\/\/dixx.com.br\/#website","url":"https:\/\/dixx.com.br\/","name":"Semijoias Dixx","description":"Descubra uma cole\u00e7\u00e3o exclusiva de semi-joias que combina luxo e acessibilidade. Nossas pe\u00e7as s\u00e3o meticulosamente banhadas a ouro 18k e confeccionadas em prata 925, garantindo durabilidade e beleza. Cada item \u00e9 um testemunho de eleg\u00e2ncia atemporal e sofistica\u00e7\u00e3o, ideal para complementar qualquer estilo, seja moderno ou tradicional. Com compromisso com a qualidade e o artesanato, oferecemos joias que voc\u00ea pode confiar.","publisher":{"@id":"https:\/\/dixx.com.br\/#organization"},"alternateName":"joias Dixx, Prata 925 e Ouro 18k","potentialAction":[{"@type":"SearchAction","target":{"@type":"EntryPoint","urlTemplate":"https:\/\/dixx.com.br\/?s={search_term_string}"},"query-input":{"@type":"PropertyValueSpecification","valueRequired":true,"valueName":"search_term_string"}}],"inLanguage":"pt-BR"},{"@type":["Organization","Place","JewelryStore"],"@id":"https:\/\/dixx.com.br\/#organization","name":"Semijoias Dixx","alternateName":"Joias Dixx","url":"https:\/\/dixx.com.br\/","logo":{"@id":"https:\/\/dixx.com.br\/index.php\/2025\/11\/15\/oftalmologista-x-optometrista-entendendo-quem-e-quem-no-mundo-da-visao\/#local-main-organization-logo"},"image":{"@id":"https:\/\/dixx.com.br\/index.php\/2025\/11\/15\/oftalmologista-x-optometrista-entendendo-quem-e-quem-no-mundo-da-visao\/#local-main-organization-logo"},"sameAs":["https:\/\/www.facebook.com\/dixxtaguatinga","https:\/\/www.instagram.com\/Semijoias_dixx"],"description":"Descubra uma cole\u00e7\u00e3o exclusiva de semi-joias que combina luxo e acessibilidade. Nossas pe\u00e7as s\u00e3o meticulosamente banhadas a ouro 18k e confeccionadas em prata 925, garantindo durabilidade e beleza. Cada item \u00e9 um testemunho de eleg\u00e2ncia atemporal e sofistica\u00e7\u00e3o, ideal para complementar qualquer estilo, seja moderno ou tradicional.","foundingDate":"2006-09-01","numberOfEmployees":{"@type":"QuantitativeValue","minValue":"1","maxValue":"10"},"publishingPrinciples":"https:\/\/dixx.com.br\/index.php\/refund_returns\/","ownershipFundingInfo":"https:\/\/dixx.com.br\/index.php\/contato\/","actionableFeedbackPolicy":"https:\/\/dixx.com.br\/index.php\/contato\/","correctionsPolicy":"https:\/\/dixx.com.br\/index.php\/contato\/","ethicsPolicy":"https:\/\/dixx.com.br\/index.php\/refund_returns\/","address":{"@id":"https:\/\/dixx.com.br\/index.php\/2025\/11\/15\/oftalmologista-x-optometrista-entendendo-quem-e-quem-no-mundo-da-visao\/#local-main-place-address"},"geo":{"@type":"GeoCoordinates","latitude":"-15.835887640904977","longitude":"-48.06067428803497"},"telephone":["61991387437","61981004476"],"contactPoint":{"@type":"ContactPoint","telephone":"61991387437","email":"orlando@dixx.com.br"},"openingHoursSpecification":[{"@type":"OpeningHoursSpecification","dayOfWeek":["Sunday","Monday"],"opens":"00:00","closes":"00:00"},{"@type":"OpeningHoursSpecification","dayOfWeek":["Tuesday","Wednesday","Thursday","Friday","Saturday"],"opens":"09:00","closes":"17:00"}],"email":"contato@dixx.com.br","vatID":"08.346.053\/0001-70","taxID":"041.178.644-08","priceRange":"$$","currenciesAccepted":"Real-BR","paymentAccepted":"Cart\u00e3o de credito, D\u00e9bito, PIX e Dinheiro"},{"@type":"Person","@id":"https:\/\/dixx.com.br\/#\/schema\/person\/b7781f53d8d7b33bb32d102f4f7d486e","name":"Orlando Passos","image":{"@type":"ImageObject","inLanguage":"pt-BR","@id":"https:\/\/lh3.googleusercontent.com\/a\/ACg8ocK40l5HSkjR8J7r1mIJL6ysm9m2NHfDYZgjrNCEd1VYwVBBiQUZ=s96-c?sz=50","url":"https:\/\/lh3.googleusercontent.com\/a\/ACg8ocK40l5HSkjR8J7r1mIJL6ysm9m2NHfDYZgjrNCEd1VYwVBBiQUZ=s96-c?sz=50","contentUrl":"https:\/\/lh3.googleusercontent.com\/a\/ACg8ocK40l5HSkjR8J7r1mIJL6ysm9m2NHfDYZgjrNCEd1VYwVBBiQUZ=s96-c?sz=50","caption":"Orlando Passos"},"sameAs":["https:\/\/dixx.com.br"],"url":"https:\/\/dixx.com.br\/index.php\/author\/obporlando\/"},{"@type":"PostalAddress","@id":"https:\/\/dixx.com.br\/index.php\/2025\/11\/15\/oftalmologista-x-optometrista-entendendo-quem-e-quem-no-mundo-da-visao\/#local-main-place-address","streetAddress":"\u00c1rea Especial 7, Feira dos Importados de Taguatinga, loja 117","addressLocality":"Bras\u00edlia","postalCode":"72016-131","addressRegion":"Distrito Federal","addressCountry":"BR"},{"@type":"ImageObject","inLanguage":"pt-BR","@id":"https:\/\/dixx.com.br\/index.php\/2025\/11\/15\/oftalmologista-x-optometrista-entendendo-quem-e-quem-no-mundo-da-visao\/#local-main-organization-logo","url":"https:\/\/dixx.com.br\/wp-content\/uploads\/2024\/06\/cropped-LOGO-DIXX-OLD-e1718293516659.png","contentUrl":"https:\/\/dixx.com.br\/wp-content\/uploads\/2024\/06\/cropped-LOGO-DIXX-OLD-e1718293516659.png","width":149,"height":56,"caption":"Semijoias Dixx"}]},"geo.placename":"Bras\u00edlia","geo.position":{"lat":"-15.835887640904977","long":"-48.06067428803497"},"geo.region":"Brasil"},"author_meta":{"display_name":"Orlando Passos","author_link":"https:\/\/dixx.com.br\/index.php\/author\/obporlando\/"},"featured_img":"https:\/\/dixx.com.br\/wp-content\/uploads\/2025\/11\/opt-oft-1-300x187.jpg","coauthors":[],"tax_additional":{"categories":{"linked":["<a href=\"https:\/\/dixx.com.br\/index.php\/category\/sem-categoria\/\" class=\"advgb-post-tax-term\">Sem categoria<\/a>"],"unlinked":["<span class=\"advgb-post-tax-term\">Sem categoria<\/span>"]},"tags":{"linked":["<a href=\"https:\/\/dixx.com.br\/index.php\/category\/sem-categoria\/\" class=\"advgb-post-tax-term\">Exames<\/a>","<a href=\"https:\/\/dixx.com.br\/index.php\/category\/sem-categoria\/\" class=\"advgb-post-tax-term\">Oftalmologista<\/a>","<a href=\"https:\/\/dixx.com.br\/index.php\/category\/sem-categoria\/\" class=\"advgb-post-tax-term\">Optometrista<\/a>"],"unlinked":["<span class=\"advgb-post-tax-term\">Exames<\/span>","<span class=\"advgb-post-tax-term\">Oftalmologista<\/span>","<span class=\"advgb-post-tax-term\">Optometrista<\/span>"]}},"comment_count":"0","relative_dates":{"created":"Publicado 5 meses atr\u00e1s","modified":"Atualizado 5 meses atr\u00e1s"},"absolute_dates":{"created":"Publicado em 15 de novembro de 2025","modified":"Atualizado em 18 de novembro de 2025"},"absolute_dates_time":{"created":"Publicado em 15 de novembro de 2025 19:13","modified":"Atualizado em 18 de novembro de 2025 17:29"},"featured_img_caption":"","series_order":"","_links":{"self":[{"href":"https:\/\/dixx.com.br\/index.php\/wp-json\/wp\/v2\/posts\/26662","targetHints":{"allow":["GET"]}}],"collection":[{"href":"https:\/\/dixx.com.br\/index.php\/wp-json\/wp\/v2\/posts"}],"about":[{"href":"https:\/\/dixx.com.br\/index.php\/wp-json\/wp\/v2\/types\/post"}],"author":[{"embeddable":true,"href":"https:\/\/dixx.com.br\/index.php\/wp-json\/wp\/v2\/users\/1"}],"replies":[{"embeddable":true,"href":"https:\/\/dixx.com.br\/index.php\/wp-json\/wp\/v2\/comments?post=26662"}],"version-history":[{"count":4,"href":"https:\/\/dixx.com.br\/index.php\/wp-json\/wp\/v2\/posts\/26662\/revisions"}],"predecessor-version":[{"id":26695,"href":"https:\/\/dixx.com.br\/index.php\/wp-json\/wp\/v2\/posts\/26662\/revisions\/26695"}],"wp:featuredmedia":[{"embeddable":true,"href":"https:\/\/dixx.com.br\/index.php\/wp-json\/wp\/v2\/media\/26692"}],"wp:attachment":[{"href":"https:\/\/dixx.com.br\/index.php\/wp-json\/wp\/v2\/media?parent=26662"}],"wp:term":[{"taxonomy":"category","embeddable":true,"href":"https:\/\/dixx.com.br\/index.php\/wp-json\/wp\/v2\/categories?post=26662"},{"taxonomy":"post_tag","embeddable":true,"href":"https:\/\/dixx.com.br\/index.php\/wp-json\/wp\/v2\/tags?post=26662"}],"curies":[{"name":"wp","href":"https:\/\/api.w.org\/{rel}","templated":true}]}}